{"id":8584,"date":"2026-09-06T00:15:00","date_gmt":"2026-09-05T22:15:00","guid":{"rendered":"https:\/\/blogg.varldenidag.se\/musik\/?p=8584"},"modified":"2026-09-03T18:15:31","modified_gmt":"2026-09-03T16:15:31","slug":"berorande-soul-fran-sodertalje","status":"publish","type":"post","link":"https:\/\/blogg.varldenidag.se\/musik\/berorande-soul-fran-sodertalje\/","title":{"rendered":"Ber\u00f6rande soul fr\u00e5n S\u00f6dert\u00e4lje"},"content":{"rendered":"\n<p>De senaste \u00e5ren har S\u00f6dert\u00e4ljeartisten <strong>Kristian Mecha&nbsp;<\/strong>dels n\u00e5tt ut l\u00e5ngt med sin musik, men ocks\u00e5 sk\u00e4mt bort oss med soul som verkligen blivit till favoriter i b\u00e5de \u00f6ron och hj\u00e4rta. I l\u00e5tar som&nbsp;<em>\u201dAlpha &amp; Omega\u201d&nbsp;<\/em>har han visat sin klass och svept i v\u00e4g oss med b\u00e5de budskap och energi, och det g\u00f6r han den h\u00e4r g\u00e5ngen ocks\u00e5. Skillnaden \u00e4r att nya singeln <em>\u201dS\u00e5rad\u201d&nbsp;<\/em>\u00e4r mer stillsam och innerlig. En soul l\u00e5t som griper tag i hj\u00e4rtat, buren av hans sk\u00f6na soulr\u00f6st och d\u00e4r han verkligen har n\u00e5got att s\u00e4ga.<\/p>\n\n\n\n<p><strong>Spotify-l\u00e4nk:&nbsp;<\/strong>https:\/\/open.spotify.com\/track\/04AwcuilVIf4V8aosZWe6T?si=06af0aec11c647f9<\/p>\n\n\n\n<figure class=\"wp-block-embed is-type-video is-provider-youtube wp-block-embed-youtube wp-embed-aspect-4-3 wp-has-aspect-ratio\"><div class=\"wp-block-embed__wrapper\">\n<div class=\"video-container\"><iframe loading=\"lazy\" title=\"S\u00e5rad\" width=\"500\" height=\"375\" src=\"https:\/\/www.youtube.com\/embed\/ekqySxyom14?feature=oembed\" frameborder=\"0\" allow=\"accelerometer; autoplay; clipboard-write; encrypted-media; gyroscope; picture-in-picture; web-share\" referrerpolicy=\"strict-origin-when-cross-origin\" allowfullscreen><\/iframe><\/div>\n<\/div><\/figure>\n","protected":false},"excerpt":{"rendered":"<p>De senaste \u00e5ren har S\u00f6dert\u00e4ljeartisten Kristian Mecha&nbsp;dels n\u00e5tt ut l\u00e5ngt med sin musik, men ocks\u00e5 sk\u00e4mt bort oss med soul som verkligen blivit till favoriter i b\u00e5de [&hellip;]<\/p>\n","protected":false},"author":15,"featured_media":0,"comment_status":"open","ping_status":"open","sticky":false,"template":"","format":"standard","meta":{"footnotes":"","_links_to":"","_links_to_target":""},"categories":[1],"tags":[],"class_list":["post-8584","post","type-post","status-publish","format-standard","hentry","category-musik"],"_links":{"self":[{"href":"https:\/\/blogg.varldenidag.se\/musik\/wp-json\/wp\/v2\/posts\/8584","targetHints":{"allow":["GET"]}}],"collection":[{"href":"https:\/\/blogg.varldenidag.se\/musik\/wp-json\/wp\/v2\/posts"}],"about":[{"href":"https:\/\/blogg.varldenidag.se\/musik\/wp-json\/wp\/v2\/types\/post"}],"author":[{"embeddable":true,"href":"https:\/\/blogg.varldenidag.se\/musik\/wp-json\/wp\/v2\/users\/15"}],"replies":[{"embeddable":true,"href":"https:\/\/blogg.varldenidag.se\/musik\/wp-json\/wp\/v2\/comments?post=8584"}],"version-history":[{"count":1,"href":"https:\/\/blogg.varldenidag.se\/musik\/wp-json\/wp\/v2\/posts\/8584\/revisions"}],"predecessor-version":[{"id":8585,"href":"https:\/\/blogg.varldenidag.se\/musik\/wp-json\/wp\/v2\/posts\/8584\/revisions\/8585"}],"wp:attachment":[{"href":"https:\/\/blogg.varldenidag.se\/musik\/wp-json\/wp\/v2\/media?parent=8584"}],"wp:term":[{"taxonomy":"category","embeddable":true,"href":"https:\/\/blogg.varldenidag.se\/musik\/wp-json\/wp\/v2\/categories?post=8584"},{"taxonomy":"post_tag","embeddable":true,"href":"https:\/\/blogg.varldenidag.se\/musik\/wp-json\/wp\/v2\/tags?post=8584"}],"curies":[{"name":"wp","href":"https:\/\/api.w.org\/{rel}","templated":true}]}}