{"id":8520,"date":"2026-04-05T00:16:00","date_gmt":"2026-04-04T22:16:00","guid":{"rendered":"https:\/\/blogg.varldenidag.se\/musik\/?p=8520"},"modified":"2026-03-30T15:16:39","modified_gmt":"2026-03-30T13:16:39","slug":"tionde-albumet-fran-needtobreathe-ar-har","status":"publish","type":"post","link":"https:\/\/blogg.varldenidag.se\/musik\/tionde-albumet-fran-needtobreathe-ar-har\/","title":{"rendered":"Tionde albumet fr\u00e5n Needtobreathe \u00e4r h\u00e4r"},"content":{"rendered":"\n<p>Det har hunnit g\u00e5 tre \u00e5r sedan&nbsp;<strong>Needtobreathe&nbsp;<\/strong>senast sl\u00e4ppte ett album. Men nu \u00e4r det \u00e4ntligen dags igen \u2013&nbsp;<em>&#8221;The long surrender&#8221;&nbsp;<\/em>\u00e4r skivan som egentligen skulle bli en EP men som v\u00e4xte till att bli bandets tionde album i ordningen. H\u00e4r \u00e4r det, mestadels, mer avskalat \u00e4n vanligen, men samtidigt \u00e4r sk\u00e4rpan i texterna vassare \u00e4n p\u00e5 l\u00e4nge och med mer djup. H\u00e4r finns m\u00e5nga nya potentiella favoriter, f\u00f6r b\u00e5de nya och gamla lyssnare!<\/p>\n\n\n\n<p><strong>Spotify-l\u00e4nk<\/strong>:&nbsp;<a href=\"https:\/\/open.spotify.com\/track\/3eOLu0TlUxIZfO27U2rH57?si=8fa746fddf6d4820\">https:\/\/open.spotify.com\/track\/3eOLu0TlUxIZfO27U2rH57?si=8fa746fddf6d4820<\/a><\/p>\n\n\n\n<figure class=\"wp-block-embed is-type-video is-provider-youtube wp-block-embed-youtube wp-embed-aspect-16-9 wp-has-aspect-ratio\"><div class=\"wp-block-embed__wrapper\">\n<div class=\"video-container\"><iframe loading=\"lazy\" title=\"NEEDTOBREATHE - \u201cSay It Now\u201d [Visualizer]\" width=\"500\" height=\"281\" src=\"https:\/\/www.youtube.com\/embed\/hwkUVW0zWTg?feature=oembed\" frameborder=\"0\" allow=\"accelerometer; autoplay; clipboard-write; encrypted-media; gyroscope; picture-in-picture; web-share\" referrerpolicy=\"strict-origin-when-cross-origin\" allowfullscreen><\/iframe><\/div>\n<\/div><\/figure>\n","protected":false},"excerpt":{"rendered":"<p>Det har hunnit g\u00e5 tre \u00e5r sedan&nbsp;Needtobreathe&nbsp;senast sl\u00e4ppte ett album. Men nu \u00e4r det \u00e4ntligen dags igen \u2013&nbsp;&#8221;The long surrender&#8221;&nbsp;\u00e4r skivan som egentligen skulle bli en EP [&hellip;]<\/p>\n","protected":false},"author":15,"featured_media":0,"comment_status":"open","ping_status":"open","sticky":false,"template":"","format":"standard","meta":{"footnotes":"","_links_to":"","_links_to_target":""},"categories":[1],"tags":[],"class_list":["post-8520","post","type-post","status-publish","format-standard","hentry","category-musik"],"_links":{"self":[{"href":"https:\/\/blogg.varldenidag.se\/musik\/wp-json\/wp\/v2\/posts\/8520","targetHints":{"allow":["GET"]}}],"collection":[{"href":"https:\/\/blogg.varldenidag.se\/musik\/wp-json\/wp\/v2\/posts"}],"about":[{"href":"https:\/\/blogg.varldenidag.se\/musik\/wp-json\/wp\/v2\/types\/post"}],"author":[{"embeddable":true,"href":"https:\/\/blogg.varldenidag.se\/musik\/wp-json\/wp\/v2\/users\/15"}],"replies":[{"embeddable":true,"href":"https:\/\/blogg.varldenidag.se\/musik\/wp-json\/wp\/v2\/comments?post=8520"}],"version-history":[{"count":1,"href":"https:\/\/blogg.varldenidag.se\/musik\/wp-json\/wp\/v2\/posts\/8520\/revisions"}],"predecessor-version":[{"id":8521,"href":"https:\/\/blogg.varldenidag.se\/musik\/wp-json\/wp\/v2\/posts\/8520\/revisions\/8521"}],"wp:attachment":[{"href":"https:\/\/blogg.varldenidag.se\/musik\/wp-json\/wp\/v2\/media?parent=8520"}],"wp:term":[{"taxonomy":"category","embeddable":true,"href":"https:\/\/blogg.varldenidag.se\/musik\/wp-json\/wp\/v2\/categories?post=8520"},{"taxonomy":"post_tag","embeddable":true,"href":"https:\/\/blogg.varldenidag.se\/musik\/wp-json\/wp\/v2\/tags?post=8520"}],"curies":[{"name":"wp","href":"https:\/\/api.w.org\/{rel}","templated":true}]}}