{"id":8513,"date":"2026-03-27T00:39:00","date_gmt":"2026-03-26T23:39:00","guid":{"rendered":"https:\/\/blogg.varldenidag.se\/musik\/?p=8513"},"modified":"2026-03-18T09:40:05","modified_gmt":"2026-03-18T08:40:05","slug":"skivdebut-fran-prisbelont-malmoartist","status":"publish","type":"post","link":"https:\/\/blogg.varldenidag.se\/musik\/skivdebut-fran-prisbelont-malmoartist\/","title":{"rendered":"Skivdebut fr\u00e5n prisbel\u00f6nt Malm\u00f6artist"},"content":{"rendered":"\n<p>Det senaste \u00e5ret har&nbsp;<strong>Abenezer&nbsp;<\/strong>b\u00f6rjat etablera sig allt mer inom den svenska kristna musiken, och kr\u00f6nte det f\u00f6r ett tag sedan med att f\u00e5 Musikf\u00f6rl\u00e4ggarnas stipendium. Nu samlar han ihop sina redan sl\u00e4ppta l\u00e5tar och nya verk p\u00e5 den nya skivan \u201dIn Dew Time\u201d, d\u00e4r han forts\u00e4tter att g\u00f6ra det han \u00e4r b\u00e4st p\u00e5: vara sig sj\u00e4lv. F\u00f6r den h\u00e4r Malm\u00f6killen har verkligen ett eget uttryck d\u00e4r han blandar ber\u00e4ttande, pop, soul, och rap p\u00e5 ett vackert och oftast l\u00e5gm\u00e4lt s\u00e4tt. L\u00e4tt att lyssna p\u00e5, lika enkelt att fastna f\u00f6r.<\/p>\n\n\n\n<p><strong>Abenezer&nbsp;<\/strong>har mycket att f\u00f6rmedla &#8211; lyssna s\u00e5 f\u00f6rst\u00e5r du varf\u00f6r!<br><\/p>\n\n\n\n<p><strong>Spotify-l\u00e4nk:&nbsp;<\/strong><a href=\"https:\/\/open.spotify.com\/track\/0jwGS8TRRa3Xj8RjkVRtuf?si=2b30c28398ef4dbd\">https:\/\/open.spotify.com\/track\/0jwGS8TRRa3Xj8RjkVRtuf?si=2b30c28398ef4dbd<\/a><\/p>\n\n\n\n<figure class=\"wp-block-embed is-type-video is-provider-youtube wp-block-embed-youtube wp-embed-aspect-16-9 wp-has-aspect-ratio\"><div class=\"wp-block-embed__wrapper\">\n<div class=\"video-container\"><iframe loading=\"lazy\" title=\"abenezer - waiting on me (Official Visualizer)\" width=\"500\" height=\"281\" src=\"https:\/\/www.youtube.com\/embed\/essiLSZoXtA?feature=oembed\" frameborder=\"0\" allow=\"accelerometer; autoplay; clipboard-write; encrypted-media; gyroscope; picture-in-picture; web-share\" referrerpolicy=\"strict-origin-when-cross-origin\" allowfullscreen><\/iframe><\/div>\n<\/div><\/figure>\n","protected":false},"excerpt":{"rendered":"<p>Det senaste \u00e5ret har&nbsp;Abenezer&nbsp;b\u00f6rjat etablera sig allt mer inom den svenska kristna musiken, och kr\u00f6nte det f\u00f6r ett tag sedan med att f\u00e5 Musikf\u00f6rl\u00e4ggarnas stipendium. Nu samlar [&hellip;]<\/p>\n","protected":false},"author":15,"featured_media":0,"comment_status":"open","ping_status":"open","sticky":false,"template":"","format":"standard","meta":{"footnotes":"","_links_to":"","_links_to_target":""},"categories":[1],"tags":[],"class_list":["post-8513","post","type-post","status-publish","format-standard","hentry","category-musik"],"_links":{"self":[{"href":"https:\/\/blogg.varldenidag.se\/musik\/wp-json\/wp\/v2\/posts\/8513","targetHints":{"allow":["GET"]}}],"collection":[{"href":"https:\/\/blogg.varldenidag.se\/musik\/wp-json\/wp\/v2\/posts"}],"about":[{"href":"https:\/\/blogg.varldenidag.se\/musik\/wp-json\/wp\/v2\/types\/post"}],"author":[{"embeddable":true,"href":"https:\/\/blogg.varldenidag.se\/musik\/wp-json\/wp\/v2\/users\/15"}],"replies":[{"embeddable":true,"href":"https:\/\/blogg.varldenidag.se\/musik\/wp-json\/wp\/v2\/comments?post=8513"}],"version-history":[{"count":1,"href":"https:\/\/blogg.varldenidag.se\/musik\/wp-json\/wp\/v2\/posts\/8513\/revisions"}],"predecessor-version":[{"id":8514,"href":"https:\/\/blogg.varldenidag.se\/musik\/wp-json\/wp\/v2\/posts\/8513\/revisions\/8514"}],"wp:attachment":[{"href":"https:\/\/blogg.varldenidag.se\/musik\/wp-json\/wp\/v2\/media?parent=8513"}],"wp:term":[{"taxonomy":"category","embeddable":true,"href":"https:\/\/blogg.varldenidag.se\/musik\/wp-json\/wp\/v2\/categories?post=8513"},{"taxonomy":"post_tag","embeddable":true,"href":"https:\/\/blogg.varldenidag.se\/musik\/wp-json\/wp\/v2\/tags?post=8513"}],"curies":[{"name":"wp","href":"https:\/\/api.w.org\/{rel}","templated":true}]}}