{"id":8508,"date":"2026-03-18T09:22:14","date_gmt":"2026-03-18T08:22:14","guid":{"rendered":"https:\/\/blogg.varldenidag.se\/musik\/?p=8508"},"modified":"2026-03-18T09:22:18","modified_gmt":"2026-03-18T08:22:18","slug":"biktor-borjesson-sprider-evangeliet-med-varme","status":"publish","type":"post","link":"https:\/\/blogg.varldenidag.se\/musik\/biktor-borjesson-sprider-evangeliet-med-varme\/","title":{"rendered":"Biktor B\u00f6rjesson sprider evangeliet med v\u00e4rme"},"content":{"rendered":"\n<p>Paul Biktor B\u00f6rjesson hamrar vidare p\u00e5 den inslagna v\u00e4gen med att ge oss vackra s\u00e5nger p\u00e5 svenska, alltid i fina arrangemang.<\/p>\n\n\n\n<p>Nya singeln \u201dKom, ni som \u00e4r tyngda\u201d \u00e4r en svensk tolkning av The Porter\u2019s Gates s\u00e5ng \u201dAll Who Are Weary Come\u201d, skriven av bland andra Paul Zach, och markerar det f\u00f6rsta sl\u00e4ppet fr\u00e5n det kommande albumet \u201dAllting sjunger om dig\u201d.<\/p>\n\n\n\n<p>Projektet vill b\u00e4ra fram evangeliets hopp med b\u00e5de poetisk sk\u00e4rpoa och musikalisk v\u00e4rme \u2013 n\u00e5got som verkligen f\u00f6rmedlas i det f\u00f6rsta smakprovet!<\/p>\n\n\n\n<p><strong>Spotify-l\u00e4nk:&nbsp;<\/strong><a href=\"https:\/\/open.spotify.com\/track\/1RQnVymm9MTKwm0kvHnnJZ?si=0bfcd76eebb94646\">https:\/\/open.spotify.com\/track\/1RQnVymm9MTKwm0kvHnnJZ?si=0bfcd76eebb94646<\/a><\/p>\n\n\n\n<figure class=\"wp-block-embed is-type-video is-provider-youtube wp-block-embed-youtube wp-embed-aspect-4-3 wp-has-aspect-ratio\"><div class=\"wp-block-embed__wrapper\">\n<div class=\"video-container\"><iframe loading=\"lazy\" title=\"Kom ni som a\u0308r tyngda\" width=\"500\" height=\"375\" src=\"https:\/\/www.youtube.com\/embed\/jearzdMa0IE?feature=oembed\" frameborder=\"0\" allow=\"accelerometer; autoplay; clipboard-write; encrypted-media; gyroscope; picture-in-picture; web-share\" referrerpolicy=\"strict-origin-when-cross-origin\" allowfullscreen><\/iframe><\/div>\n<\/div><\/figure>\n","protected":false},"excerpt":{"rendered":"<p>Paul Biktor B\u00f6rjesson hamrar vidare p\u00e5 den inslagna v\u00e4gen med att ge oss vackra s\u00e5nger p\u00e5 svenska, alltid i fina arrangemang. Nya singeln \u201dKom, ni som \u00e4r [&hellip;]<\/p>\n","protected":false},"author":14,"featured_media":0,"comment_status":"closed","ping_status":"closed","sticky":false,"template":"","format":"standard","meta":{"footnotes":"","_links_to":"","_links_to_target":""},"categories":[1],"tags":[],"class_list":["post-8508","post","type-post","status-publish","format-standard","hentry","category-musik"],"_links":{"self":[{"href":"https:\/\/blogg.varldenidag.se\/musik\/wp-json\/wp\/v2\/posts\/8508","targetHints":{"allow":["GET"]}}],"collection":[{"href":"https:\/\/blogg.varldenidag.se\/musik\/wp-json\/wp\/v2\/posts"}],"about":[{"href":"https:\/\/blogg.varldenidag.se\/musik\/wp-json\/wp\/v2\/types\/post"}],"author":[{"embeddable":true,"href":"https:\/\/blogg.varldenidag.se\/musik\/wp-json\/wp\/v2\/users\/14"}],"replies":[{"embeddable":true,"href":"https:\/\/blogg.varldenidag.se\/musik\/wp-json\/wp\/v2\/comments?post=8508"}],"version-history":[{"count":0,"href":"https:\/\/blogg.varldenidag.se\/musik\/wp-json\/wp\/v2\/posts\/8508\/revisions"}],"wp:attachment":[{"href":"https:\/\/blogg.varldenidag.se\/musik\/wp-json\/wp\/v2\/media?parent=8508"}],"wp:term":[{"taxonomy":"category","embeddable":true,"href":"https:\/\/blogg.varldenidag.se\/musik\/wp-json\/wp\/v2\/categories?post=8508"},{"taxonomy":"post_tag","embeddable":true,"href":"https:\/\/blogg.varldenidag.se\/musik\/wp-json\/wp\/v2\/tags?post=8508"}],"curies":[{"name":"wp","href":"https:\/\/api.w.org\/{rel}","templated":true}]}}