{"id":8506,"date":"2026-03-15T00:15:00","date_gmt":"2026-03-14T23:15:00","guid":{"rendered":"https:\/\/blogg.varldenidag.se\/musik\/?p=8506"},"modified":"2026-03-04T14:16:09","modified_gmt":"2026-03-04T13:16:09","slug":"sverigeaktuella-terrian-limmar-sig-fast-i-skallen","status":"publish","type":"post","link":"https:\/\/blogg.varldenidag.se\/musik\/sverigeaktuella-terrian-limmar-sig-fast-i-skallen\/","title":{"rendered":"Sverigeaktuella Terrian limmar sig fast i skallen"},"content":{"rendered":"\n<p>I juli kommer <strong>Terrian <\/strong>till Gullbrannafestivalen f\u00f6r ett efterl\u00e4ngtat Sverigebes\u00f6k. Den h\u00e4r artisten har alltid n\u00e5got nytt lyssningsv\u00e4rt bakom \u00f6ronen och tycks lyckas med det mesta hon sl\u00e4pper \u2013 oavsett om hon tar det lugnt, h\u00f6jer tempot eller om hon bjuder p\u00e5 pop eller soul. Nu \u00e4r hennes nya singel \u201dKing of kings\u201d h\u00e4r och det f\u00e5r oss onekligen att genast b\u00f6rja l\u00e4ngta \u00e4n mer till sommaren.<\/p>\n\n\n\n<p>En l\u00e5t som gjord f\u00f6r att lyssna p\u00e5 om och om, f\u00f6r refr\u00e4ngen&#8230;ja, den har en tendens att limma sig fast innan f\u00f6r ditt pannben.<\/p>\n\n\n\n<p><strong>Spotify-l\u00e4nk: <\/strong><a href=\"https:\/\/open.spotify.com\/track\/4cioLFyKIm59aYy3UMr5xT?si=8cbd269ed0d04ed4\">https:\/\/open.spotify.com\/track\/4cioLFyKIm59aYy3UMr5xT?si=8cbd269ed0d04ed4<\/a><\/p>\n\n\n\n<figure class=\"wp-block-embed is-type-video is-provider-youtube wp-block-embed-youtube wp-embed-aspect-16-9 wp-has-aspect-ratio\"><div class=\"wp-block-embed__wrapper\">\n<div class=\"video-container\"><iframe loading=\"lazy\" title=\"Terrian - King Of Kings (feat. Eli Soares) [Official Music Video]\" width=\"500\" height=\"281\" src=\"https:\/\/www.youtube.com\/embed\/bT7XI12py0A?feature=oembed\" frameborder=\"0\" allow=\"accelerometer; autoplay; clipboard-write; encrypted-media; gyroscope; picture-in-picture; web-share\" referrerpolicy=\"strict-origin-when-cross-origin\" allowfullscreen><\/iframe><\/div>\n<\/div><\/figure>\n","protected":false},"excerpt":{"rendered":"<p>I juli kommer Terrian till Gullbrannafestivalen f\u00f6r ett efterl\u00e4ngtat Sverigebes\u00f6k. Den h\u00e4r artisten har alltid n\u00e5got nytt lyssningsv\u00e4rt bakom \u00f6ronen och tycks lyckas med det mesta hon [&hellip;]<\/p>\n","protected":false},"author":15,"featured_media":0,"comment_status":"open","ping_status":"open","sticky":false,"template":"","format":"standard","meta":{"footnotes":"","_links_to":"","_links_to_target":""},"categories":[1],"tags":[],"class_list":["post-8506","post","type-post","status-publish","format-standard","hentry","category-musik"],"_links":{"self":[{"href":"https:\/\/blogg.varldenidag.se\/musik\/wp-json\/wp\/v2\/posts\/8506","targetHints":{"allow":["GET"]}}],"collection":[{"href":"https:\/\/blogg.varldenidag.se\/musik\/wp-json\/wp\/v2\/posts"}],"about":[{"href":"https:\/\/blogg.varldenidag.se\/musik\/wp-json\/wp\/v2\/types\/post"}],"author":[{"embeddable":true,"href":"https:\/\/blogg.varldenidag.se\/musik\/wp-json\/wp\/v2\/users\/15"}],"replies":[{"embeddable":true,"href":"https:\/\/blogg.varldenidag.se\/musik\/wp-json\/wp\/v2\/comments?post=8506"}],"version-history":[{"count":1,"href":"https:\/\/blogg.varldenidag.se\/musik\/wp-json\/wp\/v2\/posts\/8506\/revisions"}],"predecessor-version":[{"id":8507,"href":"https:\/\/blogg.varldenidag.se\/musik\/wp-json\/wp\/v2\/posts\/8506\/revisions\/8507"}],"wp:attachment":[{"href":"https:\/\/blogg.varldenidag.se\/musik\/wp-json\/wp\/v2\/media?parent=8506"}],"wp:term":[{"taxonomy":"category","embeddable":true,"href":"https:\/\/blogg.varldenidag.se\/musik\/wp-json\/wp\/v2\/categories?post=8506"},{"taxonomy":"post_tag","embeddable":true,"href":"https:\/\/blogg.varldenidag.se\/musik\/wp-json\/wp\/v2\/tags?post=8506"}],"curies":[{"name":"wp","href":"https:\/\/api.w.org\/{rel}","templated":true}]}}