{"id":8504,"date":"2026-03-13T00:10:00","date_gmt":"2026-03-12T23:10:00","guid":{"rendered":"https:\/\/blogg.varldenidag.se\/musik\/?p=8504"},"modified":"2026-03-04T14:11:15","modified_gmt":"2026-03-04T13:11:15","slug":"rockig-albumdebut-fran-spriggs","status":"publish","type":"post","link":"https:\/\/blogg.varldenidag.se\/musik\/rockig-albumdebut-fran-spriggs\/","title":{"rendered":"Rockig albumdebut fr\u00e5n Spriggs"},"content":{"rendered":"\n<p>Inte h\u00f6rt talas om <strong>Daniel Spriggs? <\/strong>Nej, det \u00e4r kanske inte s\u00e5 konstigt d\u00e5 hans karri\u00e4r \u00e4nnu \u00e4r i hans linda, samtidigt som det \u00e4r synd d\u00e5 du d\u00e5 har missat grymma l\u00e5tar som \u201dHeart2Heart\u201d och \u201dShow me how to live\u201d.<\/p>\n\n\n\n<p>Men nu ges du ett gyllene tillf\u00e4lle att ta i kapp vad du missat, d\u00e5 <strong>Spriggs <\/strong>precis sl\u00e4ppt sitt debutalbum \u201d21st Century Syndrome\u201d. Vi snackar \u00e4ven h\u00e4r om rock, ibland med utflykter mot punkrockens rike, och som passar f\u00f6r fans av band som <strong>Anberlin <\/strong>och <strong>Gabriel Price &amp; Friends. <\/strong>Det h\u00e4r \u00e4r en kille med sk\u00e4rpa vad det g\u00e4ller att skriva l\u00e5tar och som verkligen f\u00e5r anses ha en lysande framtid p\u00e5 musikscenen. Punktmarkera honom fr\u00e5n nu och fram\u00e5t!<\/p>\n\n\n\n<p><strong>Spotify-l\u00e4nk: <\/strong><a href=\"https:\/\/open.spotify.com\/track\/4h0tO4MR27ZTmV3sA0yn9R?si=c3a6bbb3f78146a3\">https:\/\/open.spotify.com\/track\/4h0tO4MR27ZTmV3sA0yn9R?si=c3a6bbb3f78146a3<\/a><\/p>\n\n\n\n<figure class=\"wp-block-embed is-type-video is-provider-youtube wp-block-embed-youtube wp-embed-aspect-4-3 wp-has-aspect-ratio\"><div class=\"wp-block-embed__wrapper\">\n<div class=\"video-container\"><iframe loading=\"lazy\" title=\"Good Enough For Me\" width=\"500\" height=\"375\" src=\"https:\/\/www.youtube.com\/embed\/RO-0Bgf0gNU?feature=oembed\" frameborder=\"0\" allow=\"accelerometer; autoplay; clipboard-write; encrypted-media; gyroscope; picture-in-picture; web-share\" referrerpolicy=\"strict-origin-when-cross-origin\" allowfullscreen><\/iframe><\/div>\n<\/div><\/figure>\n\n\n\n<p><\/p>\n","protected":false},"excerpt":{"rendered":"<p>Inte h\u00f6rt talas om Daniel Spriggs? Nej, det \u00e4r kanske inte s\u00e5 konstigt d\u00e5 hans karri\u00e4r \u00e4nnu \u00e4r i hans linda, samtidigt som det \u00e4r synd d\u00e5 [&hellip;]<\/p>\n","protected":false},"author":15,"featured_media":0,"comment_status":"open","ping_status":"open","sticky":false,"template":"","format":"standard","meta":{"footnotes":"","_links_to":"","_links_to_target":""},"categories":[1],"tags":[],"class_list":["post-8504","post","type-post","status-publish","format-standard","hentry","category-musik"],"_links":{"self":[{"href":"https:\/\/blogg.varldenidag.se\/musik\/wp-json\/wp\/v2\/posts\/8504","targetHints":{"allow":["GET"]}}],"collection":[{"href":"https:\/\/blogg.varldenidag.se\/musik\/wp-json\/wp\/v2\/posts"}],"about":[{"href":"https:\/\/blogg.varldenidag.se\/musik\/wp-json\/wp\/v2\/types\/post"}],"author":[{"embeddable":true,"href":"https:\/\/blogg.varldenidag.se\/musik\/wp-json\/wp\/v2\/users\/15"}],"replies":[{"embeddable":true,"href":"https:\/\/blogg.varldenidag.se\/musik\/wp-json\/wp\/v2\/comments?post=8504"}],"version-history":[{"count":1,"href":"https:\/\/blogg.varldenidag.se\/musik\/wp-json\/wp\/v2\/posts\/8504\/revisions"}],"predecessor-version":[{"id":8505,"href":"https:\/\/blogg.varldenidag.se\/musik\/wp-json\/wp\/v2\/posts\/8504\/revisions\/8505"}],"wp:attachment":[{"href":"https:\/\/blogg.varldenidag.se\/musik\/wp-json\/wp\/v2\/media?parent=8504"}],"wp:term":[{"taxonomy":"category","embeddable":true,"href":"https:\/\/blogg.varldenidag.se\/musik\/wp-json\/wp\/v2\/categories?post=8504"},{"taxonomy":"post_tag","embeddable":true,"href":"https:\/\/blogg.varldenidag.se\/musik\/wp-json\/wp\/v2\/tags?post=8504"}],"curies":[{"name":"wp","href":"https:\/\/api.w.org\/{rel}","templated":true}]}}