{"id":8343,"date":"2025-04-18T00:51:00","date_gmt":"2025-04-17T22:51:00","guid":{"rendered":"https:\/\/blogg.varldenidag.se\/musik\/?p=8343"},"modified":"2025-04-22T11:34:05","modified_gmt":"2025-04-22T09:34:05","slug":"carola-bjuder-pa-ny-pasksamling","status":"publish","type":"post","link":"https:\/\/blogg.varldenidag.se\/musik\/carola-bjuder-pa-ny-pasksamling\/","title":{"rendered":"Carola bjuder p\u00e5 ny p\u00e5sksamling"},"content":{"rendered":"\n<p>Det bjuds inte p\u00e5 bara en eller tv\u00e5 nya l\u00e5tar fr\u00e5n Carola denna p\u00e5sk \u2013 utan ett helt album. Hela den nya skivan\u00a0\u201d<em>Via Dolorosa \u2013 Maria Magdalenas k\u00e4rlek&#8221;\u00a0<\/em>\u00e4r skrivet av norska l\u00e5tskrivaren Erik Hillestad och s\u00e4tter fokus p\u00e5 p\u00e5skens budskap om Jesu d\u00f6d och uppst\u00e5ndelse utifr\u00e5n flera olika perspektiv. Ett par smakprov var sl\u00e4ppta redan tidigare, men vi lovar att h\u00e4r finns mycket att h\u00e4mta f\u00f6r den som verkligen vill lyssna in k\u00e4rnan i p\u00e5skens budskap.<\/p>\n\n\n\n<p>Inte minst gillar vi denna\u00a0<em>&#8221;Livl\u00f6s i min famn&#8221;<\/em>, en p\u00e5skversion av hennes julklassiker\u00a0<em>&#8221;Himlen i min famn&#8221;\u00a0<\/em>som funkar ypperligt \u00e4ven i detta format!<\/p>\n\n\n\n<p><strong>Spotify-l\u00e4nk:\u00a0<\/strong><a href=\"https:\/\/open.spotify.com\/track\/74WJ4raZFm6zl0g0qg7sfj?si=6c161c47019e4a55\">https:\/\/open.spotify.com\/track\/74WJ4raZFm6zl0g0qg7sfj?si=6c161c47019e4a55<\/a><\/p>\n\n\n\n<figure class=\"wp-block-embed is-type-video is-provider-youtube wp-block-embed-youtube wp-embed-aspect-4-3 wp-has-aspect-ratio\"><div class=\"wp-block-embed__wrapper\">\n<div class=\"video-container\"><iframe loading=\"lazy\" title=\"Livl\u00f6s i min famn\" width=\"500\" height=\"375\" src=\"https:\/\/www.youtube.com\/embed\/uc_g9Wtm7gM?feature=oembed\" frameborder=\"0\" allow=\"accelerometer; autoplay; clipboard-write; encrypted-media; gyroscope; picture-in-picture; web-share\" referrerpolicy=\"strict-origin-when-cross-origin\" allowfullscreen><\/iframe><\/div>\n<\/div><\/figure>\n","protected":false},"excerpt":{"rendered":"<p>Det bjuds inte p\u00e5 bara en eller tv\u00e5 nya l\u00e5tar fr\u00e5n Carola denna p\u00e5sk \u2013 utan ett helt album. Hela den nya skivan\u00a0\u201dVia Dolorosa \u2013 Maria Magdalenas [&hellip;]<\/p>\n","protected":false},"author":15,"featured_media":0,"comment_status":"closed","ping_status":"closed","sticky":false,"template":"","format":"standard","meta":{"footnotes":"","_links_to":"","_links_to_target":""},"categories":[1],"tags":[],"class_list":["post-8343","post","type-post","status-publish","format-standard","hentry","category-musik"],"_links":{"self":[{"href":"https:\/\/blogg.varldenidag.se\/musik\/wp-json\/wp\/v2\/posts\/8343","targetHints":{"allow":["GET"]}}],"collection":[{"href":"https:\/\/blogg.varldenidag.se\/musik\/wp-json\/wp\/v2\/posts"}],"about":[{"href":"https:\/\/blogg.varldenidag.se\/musik\/wp-json\/wp\/v2\/types\/post"}],"author":[{"embeddable":true,"href":"https:\/\/blogg.varldenidag.se\/musik\/wp-json\/wp\/v2\/users\/15"}],"replies":[{"embeddable":true,"href":"https:\/\/blogg.varldenidag.se\/musik\/wp-json\/wp\/v2\/comments?post=8343"}],"version-history":[{"count":1,"href":"https:\/\/blogg.varldenidag.se\/musik\/wp-json\/wp\/v2\/posts\/8343\/revisions"}],"predecessor-version":[{"id":8344,"href":"https:\/\/blogg.varldenidag.se\/musik\/wp-json\/wp\/v2\/posts\/8343\/revisions\/8344"}],"wp:attachment":[{"href":"https:\/\/blogg.varldenidag.se\/musik\/wp-json\/wp\/v2\/media?parent=8343"}],"wp:term":[{"taxonomy":"category","embeddable":true,"href":"https:\/\/blogg.varldenidag.se\/musik\/wp-json\/wp\/v2\/categories?post=8343"},{"taxonomy":"post_tag","embeddable":true,"href":"https:\/\/blogg.varldenidag.se\/musik\/wp-json\/wp\/v2\/tags?post=8343"}],"curies":[{"name":"wp","href":"https:\/\/api.w.org\/{rel}","templated":true}]}}