{"id":8335,"date":"2025-03-30T00:05:00","date_gmt":"2025-03-29T23:05:00","guid":{"rendered":"https:\/\/blogg.varldenidag.se\/musik\/?p=8335"},"modified":"2025-03-20T22:05:54","modified_gmt":"2025-03-20T21:05:54","slug":"svenska-all-for-the-king-rockar-vidare","status":"publish","type":"post","link":"https:\/\/blogg.varldenidag.se\/musik\/svenska-all-for-the-king-rockar-vidare\/","title":{"rendered":"Svenska All for the king rockar vidare!"},"content":{"rendered":"\n<p>Det svenska h\u00e5rdrocksbandet, med <strong>Ricard Hulteke<\/strong> vid mikrofonen, har f\u00e5tt goda recensioner av sina f\u00f6rsta album och skivkontrakt \u00e4ven i USA. F\u00f6rv\u00e4ntningarna \u00e4r s\u00e5 klart h\u00f6ga nu n\u00e4r det n\u00e4rmar sig ett nytt album fr\u00e5n g\u00e4nget, men det g\u00e5r snabbt att konstatera att f\u00f6rsta smakprovet&nbsp;<em>&#8221;The good shepherd&#8221;&nbsp;<\/em>lovar gott.&nbsp;<\/p>\n\n\n\n<p><strong>Hulteke&nbsp;<\/strong>har, tillsammans med gitarristen&nbsp;<strong>Erik Tilling,&nbsp;<\/strong>\u00e4nnu en g\u00e5ng f\u00f6rsett lyssnarna med en tung, melodisk l\u00e5t d\u00e4r gitarrsolon och budskapet om Jesus lever sida vid sida.<\/p>\n\n\n\n<p><strong>Spotify-l\u00e4nk:&nbsp;<\/strong><a href=\"https:\/\/www.youtube.com\/watch?v=EinPNPG_eBY\">https:\/\/www.youtube.com\/watch?v=EinPNPG_eBY<\/a><\/p>\n\n\n\n<figure class=\"wp-block-embed is-type-video is-provider-youtube wp-block-embed-youtube wp-embed-aspect-4-3 wp-has-aspect-ratio\"><div class=\"wp-block-embed__wrapper\">\n<div class=\"video-container\"><iframe loading=\"lazy\" title=\"The Good Shepherd\" width=\"500\" height=\"375\" src=\"https:\/\/www.youtube.com\/embed\/-ePwtqoaB8Y?feature=oembed\" frameborder=\"0\" allow=\"accelerometer; autoplay; clipboard-write; encrypted-media; gyroscope; picture-in-picture; web-share\" referrerpolicy=\"strict-origin-when-cross-origin\" allowfullscreen><\/iframe><\/div>\n<\/div><\/figure>\n","protected":false},"excerpt":{"rendered":"<p>Det svenska h\u00e5rdrocksbandet, med Ricard Hulteke vid mikrofonen, har f\u00e5tt goda recensioner av sina f\u00f6rsta album och skivkontrakt \u00e4ven i USA. F\u00f6rv\u00e4ntningarna \u00e4r s\u00e5 klart h\u00f6ga nu [&hellip;]<\/p>\n","protected":false},"author":15,"featured_media":0,"comment_status":"open","ping_status":"open","sticky":false,"template":"","format":"standard","meta":{"footnotes":"","_links_to":"","_links_to_target":""},"categories":[1],"tags":[],"class_list":["post-8335","post","type-post","status-publish","format-standard","hentry","category-musik"],"_links":{"self":[{"href":"https:\/\/blogg.varldenidag.se\/musik\/wp-json\/wp\/v2\/posts\/8335","targetHints":{"allow":["GET"]}}],"collection":[{"href":"https:\/\/blogg.varldenidag.se\/musik\/wp-json\/wp\/v2\/posts"}],"about":[{"href":"https:\/\/blogg.varldenidag.se\/musik\/wp-json\/wp\/v2\/types\/post"}],"author":[{"embeddable":true,"href":"https:\/\/blogg.varldenidag.se\/musik\/wp-json\/wp\/v2\/users\/15"}],"replies":[{"embeddable":true,"href":"https:\/\/blogg.varldenidag.se\/musik\/wp-json\/wp\/v2\/comments?post=8335"}],"version-history":[{"count":1,"href":"https:\/\/blogg.varldenidag.se\/musik\/wp-json\/wp\/v2\/posts\/8335\/revisions"}],"predecessor-version":[{"id":8336,"href":"https:\/\/blogg.varldenidag.se\/musik\/wp-json\/wp\/v2\/posts\/8335\/revisions\/8336"}],"wp:attachment":[{"href":"https:\/\/blogg.varldenidag.se\/musik\/wp-json\/wp\/v2\/media?parent=8335"}],"wp:term":[{"taxonomy":"category","embeddable":true,"href":"https:\/\/blogg.varldenidag.se\/musik\/wp-json\/wp\/v2\/categories?post=8335"},{"taxonomy":"post_tag","embeddable":true,"href":"https:\/\/blogg.varldenidag.se\/musik\/wp-json\/wp\/v2\/tags?post=8335"}],"curies":[{"name":"wp","href":"https:\/\/api.w.org\/{rel}","templated":true}]}}