{"id":8327,"date":"2025-03-18T00:24:00","date_gmt":"2025-03-17T23:24:00","guid":{"rendered":"https:\/\/blogg.varldenidag.se\/musik\/?p=8327"},"modified":"2025-03-03T20:25:16","modified_gmt":"2025-03-03T19:25:16","slug":"en-ny-kristen-supergrupp-ar-har","status":"publish","type":"post","link":"https:\/\/blogg.varldenidag.se\/musik\/en-ny-kristen-supergrupp-ar-har\/","title":{"rendered":"En ny kristen supergrupp \u00e4r h\u00e4r"},"content":{"rendered":"\n<p>Spetsa \u00f6ronen!<\/p>\n\n\n\n<p>F\u00f6r vi vill tipsa om den kristna musikens nya SUPERGRUPP! F\u00f6r annat kan man v\u00e4l inte kalla det n\u00e4r Steven Furtick, Brandon Lake, Chandler Moore, Chris Brown, Leeland Mooring och Pat Barrett tillsammans g\u00f6r musik under namnet Sons of Sunday?<\/p>\n\n\n\n<p>Missa inte nya &#8221;God did&#8221; och \u00f6vriga f\u00e4rska l\u00e5tar &#8211; det h\u00e4r ger mersmak!<\/p>\n\n\n\n<p><strong>Spotify-l\u00e4nk:&nbsp;<\/strong><a href=\"https:\/\/open.spotify.com\/track\/6Bc4Q6KpJqOe1lMxIN5k2k?si=82e13744b8154593\">https:\/\/open.spotify.com\/track\/6Bc4Q6KpJqOe1lMxIN5k2k?si=82e13744b8154593<\/a><\/p>\n\n\n\n<figure class=\"wp-block-embed is-type-video is-provider-youtube wp-block-embed-youtube wp-embed-aspect-16-9 wp-has-aspect-ratio\"><div class=\"wp-block-embed__wrapper\">\n<div class=\"video-container\"><iframe loading=\"lazy\" title=\"GOD DID! | Sons Of Sunday\" width=\"500\" height=\"281\" src=\"https:\/\/www.youtube.com\/embed\/ZrhhYWU6BGE?feature=oembed\" frameborder=\"0\" allow=\"accelerometer; autoplay; clipboard-write; encrypted-media; gyroscope; picture-in-picture; web-share\" referrerpolicy=\"strict-origin-when-cross-origin\" allowfullscreen><\/iframe><\/div>\n<\/div><\/figure>\n","protected":false},"excerpt":{"rendered":"<p>Spetsa \u00f6ronen! F\u00f6r vi vill tipsa om den kristna musikens nya SUPERGRUPP! F\u00f6r annat kan man v\u00e4l inte kalla det n\u00e4r Steven Furtick, Brandon Lake, Chandler Moore, [&hellip;]<\/p>\n","protected":false},"author":15,"featured_media":0,"comment_status":"open","ping_status":"open","sticky":false,"template":"","format":"standard","meta":{"footnotes":"","_links_to":"","_links_to_target":""},"categories":[1],"tags":[],"class_list":["post-8327","post","type-post","status-publish","format-standard","hentry","category-musik"],"_links":{"self":[{"href":"https:\/\/blogg.varldenidag.se\/musik\/wp-json\/wp\/v2\/posts\/8327","targetHints":{"allow":["GET"]}}],"collection":[{"href":"https:\/\/blogg.varldenidag.se\/musik\/wp-json\/wp\/v2\/posts"}],"about":[{"href":"https:\/\/blogg.varldenidag.se\/musik\/wp-json\/wp\/v2\/types\/post"}],"author":[{"embeddable":true,"href":"https:\/\/blogg.varldenidag.se\/musik\/wp-json\/wp\/v2\/users\/15"}],"replies":[{"embeddable":true,"href":"https:\/\/blogg.varldenidag.se\/musik\/wp-json\/wp\/v2\/comments?post=8327"}],"version-history":[{"count":1,"href":"https:\/\/blogg.varldenidag.se\/musik\/wp-json\/wp\/v2\/posts\/8327\/revisions"}],"predecessor-version":[{"id":8328,"href":"https:\/\/blogg.varldenidag.se\/musik\/wp-json\/wp\/v2\/posts\/8327\/revisions\/8328"}],"wp:attachment":[{"href":"https:\/\/blogg.varldenidag.se\/musik\/wp-json\/wp\/v2\/media?parent=8327"}],"wp:term":[{"taxonomy":"category","embeddable":true,"href":"https:\/\/blogg.varldenidag.se\/musik\/wp-json\/wp\/v2\/categories?post=8327"},{"taxonomy":"post_tag","embeddable":true,"href":"https:\/\/blogg.varldenidag.se\/musik\/wp-json\/wp\/v2\/tags?post=8327"}],"curies":[{"name":"wp","href":"https:\/\/api.w.org\/{rel}","templated":true}]}}