{"id":8324,"date":"2025-03-18T00:48:00","date_gmt":"2025-03-17T23:48:00","guid":{"rendered":"https:\/\/blogg.varldenidag.se\/musik\/?p=8324"},"modified":"2025-02-27T20:48:30","modified_gmt":"2025-02-27T19:48:30","slug":"melodisk-rock-fran-jonkoping","status":"publish","type":"post","link":"https:\/\/blogg.varldenidag.se\/musik\/melodisk-rock-fran-jonkoping\/","title":{"rendered":"Melodisk rock fr\u00e5n J\u00f6nk\u00f6ping!"},"content":{"rendered":"\n<p>2023 slog svenska&nbsp;<strong>Streetlight&nbsp;<\/strong>&#8211; med s\u00e5ngaren och l\u00e5tskrivaren Johannes H\u00e4ger i spetsen \u2013 ner med dunder och brak p\u00e5 AOR- och den melodiska rockscenen med sitt debutalbum&nbsp;<em>&#8221;Ignition&#8221;.&nbsp;<\/em>Nytt album \u00e4r p\u00e5 g\u00e5ng i v\u00e5r, och f\u00e5r vi tro smakproven s\u00e5 h\u00e4r l\u00e5ngt s\u00e5 kommer det bli riktigt bra \u00e4ven denna g\u00e5ng!<\/p>\n\n\n\n<p>Lyssna p\u00e5 denna&nbsp;<em>&#8221;Captured in the night&#8221;&nbsp;<\/em>s\u00e5 f\u00f6rst\u00e5r du vad det handlar om.&nbsp;<strong>Streetlight&nbsp;<\/strong>kan sin genre och drar sig, f\u00f6rst\u00e5s, inte f\u00f6r ett och annat gitarrsolo inemllan. Vasst och bra!<\/p>\n\n\n\n<p><strong>Spotify-l\u00e4nk:&nbsp;<\/strong><a href=\"https:\/\/open.spotify.com\/track\/6FL7dkJRfaKvaRQa0Jqhpg?si=4f8a70429d8d436a\">https:\/\/open.spotify.com\/track\/6FL7dkJRfaKvaRQa0Jqhpg?si=4f8a70429d8d436a<\/a><\/p>\n\n\n\n<figure class=\"wp-block-embed is-type-video is-provider-youtube wp-block-embed-youtube wp-embed-aspect-16-9 wp-has-aspect-ratio\"><div class=\"wp-block-embed__wrapper\">\n<div class=\"video-container\"><iframe loading=\"lazy\" title=\"Streetlight - &quot;Captured In The Night&quot; - Official Video\" width=\"500\" height=\"281\" src=\"https:\/\/www.youtube.com\/embed\/7D2YdGd-UX0?feature=oembed\" frameborder=\"0\" allow=\"accelerometer; autoplay; clipboard-write; encrypted-media; gyroscope; picture-in-picture; web-share\" referrerpolicy=\"strict-origin-when-cross-origin\" allowfullscreen><\/iframe><\/div>\n<\/div><\/figure>\n","protected":false},"excerpt":{"rendered":"<p>2023 slog svenska&nbsp;Streetlight&nbsp;&#8211; med s\u00e5ngaren och l\u00e5tskrivaren Johannes H\u00e4ger i spetsen \u2013 ner med dunder och brak p\u00e5 AOR- och den melodiska rockscenen med sitt debutalbum&nbsp;&#8221;Ignition&#8221;.&nbsp;Nytt album [&hellip;]<\/p>\n","protected":false},"author":15,"featured_media":0,"comment_status":"open","ping_status":"open","sticky":false,"template":"","format":"standard","meta":{"footnotes":"","_links_to":"","_links_to_target":""},"categories":[1],"tags":[],"class_list":["post-8324","post","type-post","status-publish","format-standard","hentry","category-musik"],"_links":{"self":[{"href":"https:\/\/blogg.varldenidag.se\/musik\/wp-json\/wp\/v2\/posts\/8324","targetHints":{"allow":["GET"]}}],"collection":[{"href":"https:\/\/blogg.varldenidag.se\/musik\/wp-json\/wp\/v2\/posts"}],"about":[{"href":"https:\/\/blogg.varldenidag.se\/musik\/wp-json\/wp\/v2\/types\/post"}],"author":[{"embeddable":true,"href":"https:\/\/blogg.varldenidag.se\/musik\/wp-json\/wp\/v2\/users\/15"}],"replies":[{"embeddable":true,"href":"https:\/\/blogg.varldenidag.se\/musik\/wp-json\/wp\/v2\/comments?post=8324"}],"version-history":[{"count":1,"href":"https:\/\/blogg.varldenidag.se\/musik\/wp-json\/wp\/v2\/posts\/8324\/revisions"}],"predecessor-version":[{"id":8325,"href":"https:\/\/blogg.varldenidag.se\/musik\/wp-json\/wp\/v2\/posts\/8324\/revisions\/8325"}],"wp:attachment":[{"href":"https:\/\/blogg.varldenidag.se\/musik\/wp-json\/wp\/v2\/media?parent=8324"}],"wp:term":[{"taxonomy":"category","embeddable":true,"href":"https:\/\/blogg.varldenidag.se\/musik\/wp-json\/wp\/v2\/categories?post=8324"},{"taxonomy":"post_tag","embeddable":true,"href":"https:\/\/blogg.varldenidag.se\/musik\/wp-json\/wp\/v2\/tags?post=8324"}],"curies":[{"name":"wp","href":"https:\/\/api.w.org\/{rel}","templated":true}]}}