{"id":8322,"date":"2025-03-15T00:33:00","date_gmt":"2025-03-14T23:33:00","guid":{"rendered":"https:\/\/blogg.varldenidag.se\/musik\/?p=8322"},"modified":"2025-02-27T20:43:31","modified_gmt":"2025-02-27T19:43:31","slug":"fridfylld-svensk-duett","status":"publish","type":"post","link":"https:\/\/blogg.varldenidag.se\/musik\/fridfylld-svensk-duett\/","title":{"rendered":"Fridfylld svensk duett!"},"content":{"rendered":"\n<p>N\u00e4r de tv\u00e5 svenska s\u00e5ngerskorna&nbsp;<strong>Jeanette Thulin Claesson&nbsp;<\/strong>och&nbsp;<strong>Jeanette Alfredsson&nbsp;<\/strong>samarbetar, s\u00e5 g\u00f6r de det med en lugn, avskalad och varm s\u00e5ng. Deras&nbsp;<em>&#8221;Frid jag ger dig&#8221;&nbsp;<\/em>\u00e4r b\u00e5de vacker och tilltalande, och bjuder p\u00e5 en t\u00e4nkv\u00e4rd och hoppfull text &#8211; allt inlindat i ett behagligt lugnt tempo.<\/p>\n\n\n\n<p><strong>Spotify-l\u00e4nk:&nbsp;<\/strong><a href=\"https:\/\/open.spotify.com\/track\/2kpaWEhI2HX8zcxO0Dchq3?si=fc2b64f428af4028\">https:\/\/open.spotify.com\/track\/2kpaWEhI2HX8zcxO0Dchq3?si=fc2b64f428af4028<\/a><\/p>\n\n\n\n<figure class=\"wp-block-embed is-type-video is-provider-youtube wp-block-embed-youtube wp-embed-aspect-4-3 wp-has-aspect-ratio\"><div class=\"wp-block-embed__wrapper\">\n<div class=\"video-container\"><iframe loading=\"lazy\" title=\"Frid jag ger dig\" width=\"500\" height=\"375\" src=\"https:\/\/www.youtube.com\/embed\/sdWoxJ43vdw?feature=oembed\" frameborder=\"0\" allow=\"accelerometer; autoplay; clipboard-write; encrypted-media; gyroscope; picture-in-picture; web-share\" referrerpolicy=\"strict-origin-when-cross-origin\" allowfullscreen><\/iframe><\/div>\n<\/div><\/figure>\n","protected":false},"excerpt":{"rendered":"<p>N\u00e4r de tv\u00e5 svenska s\u00e5ngerskorna&nbsp;Jeanette Thulin Claesson&nbsp;och&nbsp;Jeanette Alfredsson&nbsp;samarbetar, s\u00e5 g\u00f6r de det med en lugn, avskalad och varm s\u00e5ng. Deras&nbsp;&#8221;Frid jag ger dig&#8221;&nbsp;\u00e4r b\u00e5de vacker och tilltalande, [&hellip;]<\/p>\n","protected":false},"author":15,"featured_media":0,"comment_status":"open","ping_status":"open","sticky":false,"template":"","format":"standard","meta":{"footnotes":"","_links_to":"","_links_to_target":""},"categories":[1],"tags":[],"class_list":["post-8322","post","type-post","status-publish","format-standard","hentry","category-musik"],"_links":{"self":[{"href":"https:\/\/blogg.varldenidag.se\/musik\/wp-json\/wp\/v2\/posts\/8322","targetHints":{"allow":["GET"]}}],"collection":[{"href":"https:\/\/blogg.varldenidag.se\/musik\/wp-json\/wp\/v2\/posts"}],"about":[{"href":"https:\/\/blogg.varldenidag.se\/musik\/wp-json\/wp\/v2\/types\/post"}],"author":[{"embeddable":true,"href":"https:\/\/blogg.varldenidag.se\/musik\/wp-json\/wp\/v2\/users\/15"}],"replies":[{"embeddable":true,"href":"https:\/\/blogg.varldenidag.se\/musik\/wp-json\/wp\/v2\/comments?post=8322"}],"version-history":[{"count":1,"href":"https:\/\/blogg.varldenidag.se\/musik\/wp-json\/wp\/v2\/posts\/8322\/revisions"}],"predecessor-version":[{"id":8323,"href":"https:\/\/blogg.varldenidag.se\/musik\/wp-json\/wp\/v2\/posts\/8322\/revisions\/8323"}],"wp:attachment":[{"href":"https:\/\/blogg.varldenidag.se\/musik\/wp-json\/wp\/v2\/media?parent=8322"}],"wp:term":[{"taxonomy":"category","embeddable":true,"href":"https:\/\/blogg.varldenidag.se\/musik\/wp-json\/wp\/v2\/categories?post=8322"},{"taxonomy":"post_tag","embeddable":true,"href":"https:\/\/blogg.varldenidag.se\/musik\/wp-json\/wp\/v2\/tags?post=8322"}],"curies":[{"name":"wp","href":"https:\/\/api.w.org\/{rel}","templated":true}]}}