{"id":8084,"date":"2024-06-25T00:12:44","date_gmt":"2024-06-24T22:12:44","guid":{"rendered":"http:\/\/blogg.varldenidag.se\/musik\/?p=8084"},"modified":"2024-06-17T22:12:57","modified_gmt":"2024-06-17T20:12:57","slug":"sommarpaus","status":"publish","type":"post","link":"https:\/\/blogg.varldenidag.se\/musik\/sommarpaus\/","title":{"rendered":"Sommarpaus!"},"content":{"rendered":"<p>Sommaren \u00e4r h\u00e4r och vi tar en paus fr\u00e5n bloggandet. Men misstr\u00f6sta inte f\u00f6r det \u2013 v\u00e5ra spellistor uppdateras med f\u00e4rsk musik hela sommaren l\u00e5ng! Vi har \u00e4ven ett g\u00e4ng spellistor enbart f\u00f6r sommaren \u2013 f\u00f6lj dem f\u00f6r att inte missa n\u00e5gra nya sl\u00e4pp.<\/p>\n<p>Vi h\u00f6rs igen senare i sommar med sprillans nya blogginl\u00e4gg!<\/p>\n<p>Klicka p\u00e5 l\u00e4nken f\u00f6r att komma till Soundshines profil med alla somriga spellistor:<br \/>\n<a href=\"https:\/\/open.spotify.com\/user\/ik69lbz3bp6x9rfl5x29ofxkw?si=49e85c48783d4b07\">https:\/\/open.spotify.com\/user\/ik69lbz3bp6x9rfl5x29ofxkw?si=49e85c48783d4b07<\/a><\/p>\n<p><a href=\"https:\/\/glowingvibe.wordpress.com\/wp-content\/uploads\/2024\/06\/sommar-vid.jpg\"><img loading=\"lazy\" decoding=\"async\" class=\" wp-image-7452 aligncenter\" src=\"https:\/\/glowingvibe.wordpress.com\/wp-content\/uploads\/2024\/06\/sommar-vid.jpg?w=300\" alt=\"\" width=\"355\" height=\"347\" \/><\/a><\/p>\n","protected":false},"excerpt":{"rendered":"<p>Sommaren \u00e4r h\u00e4r och vi tar en paus fr\u00e5n bloggandet. Men misstr\u00f6sta inte f\u00f6r det \u2013 v\u00e5ra spellistor uppdateras med f\u00e4rsk musik hela sommaren l\u00e5ng! Vi har [&hellip;]<\/p>\n","protected":false},"author":15,"featured_media":0,"comment_status":"open","ping_status":"open","sticky":false,"template":"","format":"standard","meta":{"footnotes":"","_links_to":"","_links_to_target":""},"categories":[1],"tags":[],"class_list":["post-8084","post","type-post","status-publish","format-standard","hentry","category-musik"],"_links":{"self":[{"href":"https:\/\/blogg.varldenidag.se\/musik\/wp-json\/wp\/v2\/posts\/8084","targetHints":{"allow":["GET"]}}],"collection":[{"href":"https:\/\/blogg.varldenidag.se\/musik\/wp-json\/wp\/v2\/posts"}],"about":[{"href":"https:\/\/blogg.varldenidag.se\/musik\/wp-json\/wp\/v2\/types\/post"}],"author":[{"embeddable":true,"href":"https:\/\/blogg.varldenidag.se\/musik\/wp-json\/wp\/v2\/users\/15"}],"replies":[{"embeddable":true,"href":"https:\/\/blogg.varldenidag.se\/musik\/wp-json\/wp\/v2\/comments?post=8084"}],"version-history":[{"count":1,"href":"https:\/\/blogg.varldenidag.se\/musik\/wp-json\/wp\/v2\/posts\/8084\/revisions"}],"predecessor-version":[{"id":8085,"href":"https:\/\/blogg.varldenidag.se\/musik\/wp-json\/wp\/v2\/posts\/8084\/revisions\/8085"}],"wp:attachment":[{"href":"https:\/\/blogg.varldenidag.se\/musik\/wp-json\/wp\/v2\/media?parent=8084"}],"wp:term":[{"taxonomy":"category","embeddable":true,"href":"https:\/\/blogg.varldenidag.se\/musik\/wp-json\/wp\/v2\/categories?post=8084"},{"taxonomy":"post_tag","embeddable":true,"href":"https:\/\/blogg.varldenidag.se\/musik\/wp-json\/wp\/v2\/tags?post=8084"}],"curies":[{"name":"wp","href":"https:\/\/api.w.org\/{rel}","templated":true}]}}