{"id":8078,"date":"2024-06-20T00:19:43","date_gmt":"2024-06-19T22:19:43","guid":{"rendered":"http:\/\/blogg.varldenidag.se\/musik\/?p=8078"},"modified":"2024-07-01T11:42:30","modified_gmt":"2024-07-01T09:42:30","slug":"modern-afropop-med-sondae","status":"publish","type":"post","link":"https:\/\/blogg.varldenidag.se\/musik\/modern-afropop-med-sondae\/","title":{"rendered":"Modern afropop med Sondae!"},"content":{"rendered":"<p>Det \u00e4r v\u00e4lk\u00e4nt sedan l\u00e4nge vid det h\u00e4r laget att engelsmannen\u00a0<strong>Sondae\u00a0<\/strong>\u00e4r ett geni n\u00e4r det g\u00e4ller att g\u00e5 sina egna musikaliska v\u00e4gar. Hans afroinspirerade sound tar v\u00e4gar hit och dit, samtidigt som han aldrig tummar en millimeter p\u00e5 budskapet om Jesus. Precis s\u00e5 \u00e4r det med hela den nya skivan \u201d<em>Pilgrims Road\u201d,\u00a0<\/em>d\u00e4r han samarbetar med den amerikanska producenten\u00a0<strong>Moflo.<\/strong><\/p>\n<p>Bland alla sp\u00e5r faller vi mest f\u00f6r den ljuvliga, somriga \u201d<em>Fire\u201d\u00a0<\/em>d\u00e4r afropop m\u00f6ter sk\u00f6na elektroniska beats p\u00e5 ett bra s\u00e4tt. Och budskapet? Jod\u00e5, det \u00e4r en ren hyllning till Gud rakt igenom!<\/p>\n<p><strong>Spotify-l\u00e4nk:\u00a0<\/strong><a href=\"https:\/\/open.spotify.com\/track\/6oxchJyrOd5fRZO5vfZx01?si=f790e6081e474acd\">https:\/\/open.spotify.com\/track\/6oxchJyrOd5fRZO5vfZx01?si=f790e6081e474acd<\/a><\/p>\n<div class=\"video-container\"><iframe loading=\"lazy\" title=\"Fire\" width=\"500\" height=\"375\" src=\"https:\/\/www.youtube.com\/embed\/eP3yZC_f_6c?feature=oembed\" frameborder=\"0\" allow=\"accelerometer; autoplay; clipboard-write; encrypted-media; gyroscope; picture-in-picture; web-share\" referrerpolicy=\"strict-origin-when-cross-origin\" allowfullscreen><\/iframe><\/div>\n","protected":false},"excerpt":{"rendered":"<p>Det \u00e4r v\u00e4lk\u00e4nt sedan l\u00e4nge vid det h\u00e4r laget att engelsmannen\u00a0Sondae\u00a0\u00e4r ett geni n\u00e4r det g\u00e4ller att g\u00e5 sina egna musikaliska v\u00e4gar. Hans afroinspirerade sound tar v\u00e4gar [&hellip;]<\/p>\n","protected":false},"author":15,"featured_media":0,"comment_status":"open","ping_status":"open","sticky":false,"template":"","format":"standard","meta":{"footnotes":"","_links_to":"","_links_to_target":""},"categories":[1],"tags":[],"class_list":["post-8078","post","type-post","status-publish","format-standard","hentry","category-musik"],"_links":{"self":[{"href":"https:\/\/blogg.varldenidag.se\/musik\/wp-json\/wp\/v2\/posts\/8078","targetHints":{"allow":["GET"]}}],"collection":[{"href":"https:\/\/blogg.varldenidag.se\/musik\/wp-json\/wp\/v2\/posts"}],"about":[{"href":"https:\/\/blogg.varldenidag.se\/musik\/wp-json\/wp\/v2\/types\/post"}],"author":[{"embeddable":true,"href":"https:\/\/blogg.varldenidag.se\/musik\/wp-json\/wp\/v2\/users\/15"}],"replies":[{"embeddable":true,"href":"https:\/\/blogg.varldenidag.se\/musik\/wp-json\/wp\/v2\/comments?post=8078"}],"version-history":[{"count":3,"href":"https:\/\/blogg.varldenidag.se\/musik\/wp-json\/wp\/v2\/posts\/8078\/revisions"}],"predecessor-version":[{"id":8094,"href":"https:\/\/blogg.varldenidag.se\/musik\/wp-json\/wp\/v2\/posts\/8078\/revisions\/8094"}],"wp:attachment":[{"href":"https:\/\/blogg.varldenidag.se\/musik\/wp-json\/wp\/v2\/media?parent=8078"}],"wp:term":[{"taxonomy":"category","embeddable":true,"href":"https:\/\/blogg.varldenidag.se\/musik\/wp-json\/wp\/v2\/categories?post=8078"},{"taxonomy":"post_tag","embeddable":true,"href":"https:\/\/blogg.varldenidag.se\/musik\/wp-json\/wp\/v2\/tags?post=8078"}],"curies":[{"name":"wp","href":"https:\/\/api.w.org\/{rel}","templated":true}]}}