{"id":7807,"date":"2023-12-19T00:17:44","date_gmt":"2023-12-18T23:17:44","guid":{"rendered":"http:\/\/blogg.varldenidag.se\/musik\/?p=7807"},"modified":"2023-12-13T12:43:04","modified_gmt":"2023-12-13T11:43:04","slug":"topp-23-2023-plats-13","status":"publish","type":"post","link":"https:\/\/blogg.varldenidag.se\/musik\/topp-23-2023-plats-13\/","title":{"rendered":"Topp 23 2023: Plats 13"},"content":{"rendered":"<p><strong>Plats 13: Rachael Lampa \u2013 \u201dThe Wild Ones\u201d<\/strong><\/p>\n<p>Vi \u00e4r sedan l\u00e4nge vana vid att <strong>Rachael\u00a0<\/strong>b\u00e5de kan sjunga som en superstj\u00e4rna och ge oss riktigt bra musik, men det var \u00e4nd\u00e5 n\u00e5got med hennes \u201d<em>The Wild Ones\u201d\u00a0<\/em>som fastnade lite extra under \u00e5ret. Kanske var det soundet som var lite mer poppigt \u00e4n vanligt och som visade upp en lite ny bild av henne \u2013 alldeles oavsett var det en l\u00e5t som vi kommer forts\u00e4tta att lyssna p\u00e5 l\u00e5ngt bortom 2023.<\/p>\n<div class=\"video-container\"><iframe loading=\"lazy\" title=\"Rachael Lampa - The Wild Ones (Official Lyric Video)\" width=\"500\" height=\"281\" src=\"https:\/\/www.youtube.com\/embed\/Is36g4QJ3ws?feature=oembed\" frameborder=\"0\" allow=\"accelerometer; autoplay; clipboard-write; encrypted-media; gyroscope; picture-in-picture; web-share\" referrerpolicy=\"strict-origin-when-cross-origin\" allowfullscreen><\/iframe><\/div>\n","protected":false},"excerpt":{"rendered":"<p>Plats 13: Rachael Lampa \u2013 \u201dThe Wild Ones\u201d Vi \u00e4r sedan l\u00e4nge vana vid att Rachael\u00a0b\u00e5de kan sjunga som en superstj\u00e4rna och ge oss riktigt bra musik, [&hellip;]<\/p>\n","protected":false},"author":15,"featured_media":0,"comment_status":"open","ping_status":"open","sticky":false,"template":"","format":"standard","meta":{"footnotes":"","_links_to":"","_links_to_target":""},"categories":[1],"tags":[],"class_list":["post-7807","post","type-post","status-publish","format-standard","hentry","category-musik"],"_links":{"self":[{"href":"https:\/\/blogg.varldenidag.se\/musik\/wp-json\/wp\/v2\/posts\/7807","targetHints":{"allow":["GET"]}}],"collection":[{"href":"https:\/\/blogg.varldenidag.se\/musik\/wp-json\/wp\/v2\/posts"}],"about":[{"href":"https:\/\/blogg.varldenidag.se\/musik\/wp-json\/wp\/v2\/types\/post"}],"author":[{"embeddable":true,"href":"https:\/\/blogg.varldenidag.se\/musik\/wp-json\/wp\/v2\/users\/15"}],"replies":[{"embeddable":true,"href":"https:\/\/blogg.varldenidag.se\/musik\/wp-json\/wp\/v2\/comments?post=7807"}],"version-history":[{"count":2,"href":"https:\/\/blogg.varldenidag.se\/musik\/wp-json\/wp\/v2\/posts\/7807\/revisions"}],"predecessor-version":[{"id":7847,"href":"https:\/\/blogg.varldenidag.se\/musik\/wp-json\/wp\/v2\/posts\/7807\/revisions\/7847"}],"wp:attachment":[{"href":"https:\/\/blogg.varldenidag.se\/musik\/wp-json\/wp\/v2\/media?parent=7807"}],"wp:term":[{"taxonomy":"category","embeddable":true,"href":"https:\/\/blogg.varldenidag.se\/musik\/wp-json\/wp\/v2\/categories?post=7807"},{"taxonomy":"post_tag","embeddable":true,"href":"https:\/\/blogg.varldenidag.se\/musik\/wp-json\/wp\/v2\/tags?post=7807"}],"curies":[{"name":"wp","href":"https:\/\/api.w.org\/{rel}","templated":true}]}}