{"id":7767,"date":"2023-11-09T00:28:02","date_gmt":"2023-11-08T23:28:02","guid":{"rendered":"http:\/\/blogg.varldenidag.se\/musik\/?p=7767"},"modified":"2023-11-08T22:29:28","modified_gmt":"2023-11-08T21:29:28","slug":"spellistan-med-det-basta-fran-sverige-just-nu","status":"publish","type":"post","link":"https:\/\/blogg.varldenidag.se\/musik\/spellistan-med-det-basta-fran-sverige-just-nu\/","title":{"rendered":"Spellistan med det b\u00e4sta fr\u00e5n Sverige just nu!"},"content":{"rendered":"<p>Vill du hela tiden h\u00e5lla koll p\u00e5 de b\u00e4sta nya sl\u00e4ppen fr\u00e5n Sverige? D\u00e5 ska du f\u00f6lja spellistan\u00a0<strong>Sverige Topp 20!\u00a0<\/strong>Som namnet avsl\u00f6jar har vi h\u00e4r samlat de 20 f\u00f6r tillf\u00e4llet b\u00e4sta l\u00e5tarna \u2013 och uppdaterar l\u00f6pande med en ny mix av det b\u00e4sta som finns att lyssna p\u00e5 just nu.<\/p>\n<p>F\u00f6lj spellistan f\u00f6r att inte missa n\u00e5gra nya sl\u00e4pp!<\/p>\n<div class=\"video-container\"><iframe title=\"Spotify Embed: Sverige Topp 20\" style=\"border-radius: 12px\" width=\"100%\" height=\"352\" frameborder=\"0\" allowfullscreen allow=\"autoplay; clipboard-write; encrypted-media; fullscreen; picture-in-picture\" loading=\"lazy\" src=\"https:\/\/open.spotify.com\/embed\/playlist\/7MRiIphMluwMghAnMWFhZk?si=a1db44a4b3d1400e&#038;utm_source=oembed\"><\/iframe><\/div>\n","protected":false},"excerpt":{"rendered":"<p>Vill du hela tiden h\u00e5lla koll p\u00e5 de b\u00e4sta nya sl\u00e4ppen fr\u00e5n Sverige? D\u00e5 ska du f\u00f6lja spellistan\u00a0Sverige Topp 20!\u00a0Som namnet avsl\u00f6jar har vi h\u00e4r samlat de [&hellip;]<\/p>\n","protected":false},"author":15,"featured_media":0,"comment_status":"open","ping_status":"open","sticky":false,"template":"","format":"standard","meta":{"footnotes":"","_links_to":"","_links_to_target":""},"categories":[1],"tags":[],"class_list":["post-7767","post","type-post","status-publish","format-standard","hentry","category-musik"],"_links":{"self":[{"href":"https:\/\/blogg.varldenidag.se\/musik\/wp-json\/wp\/v2\/posts\/7767","targetHints":{"allow":["GET"]}}],"collection":[{"href":"https:\/\/blogg.varldenidag.se\/musik\/wp-json\/wp\/v2\/posts"}],"about":[{"href":"https:\/\/blogg.varldenidag.se\/musik\/wp-json\/wp\/v2\/types\/post"}],"author":[{"embeddable":true,"href":"https:\/\/blogg.varldenidag.se\/musik\/wp-json\/wp\/v2\/users\/15"}],"replies":[{"embeddable":true,"href":"https:\/\/blogg.varldenidag.se\/musik\/wp-json\/wp\/v2\/comments?post=7767"}],"version-history":[{"count":1,"href":"https:\/\/blogg.varldenidag.se\/musik\/wp-json\/wp\/v2\/posts\/7767\/revisions"}],"predecessor-version":[{"id":7768,"href":"https:\/\/blogg.varldenidag.se\/musik\/wp-json\/wp\/v2\/posts\/7767\/revisions\/7768"}],"wp:attachment":[{"href":"https:\/\/blogg.varldenidag.se\/musik\/wp-json\/wp\/v2\/media?parent=7767"}],"wp:term":[{"taxonomy":"category","embeddable":true,"href":"https:\/\/blogg.varldenidag.se\/musik\/wp-json\/wp\/v2\/categories?post=7767"},{"taxonomy":"post_tag","embeddable":true,"href":"https:\/\/blogg.varldenidag.se\/musik\/wp-json\/wp\/v2\/tags?post=7767"}],"curies":[{"name":"wp","href":"https:\/\/api.w.org\/{rel}","templated":true}]}}