{"id":7402,"date":"2023-04-16T00:33:14","date_gmt":"2023-04-15T22:33:14","guid":{"rendered":"http:\/\/blogg.varldenidag.se\/musik\/?p=7402"},"modified":"2023-03-28T11:35:31","modified_gmt":"2023-03-28T09:35:31","slug":"spellistan-for-pendlingen-2","status":"publish","type":"post","link":"https:\/\/blogg.varldenidag.se\/musik\/spellistan-for-pendlingen-2\/","title":{"rendered":"Spellistan f\u00f6r pendlingen!"},"content":{"rendered":"<p>Visst beh\u00f6ver v\u00e4l pendlingen till och fr\u00e5n jobbet ett s\u00e4llskap? Det tyckte vi och skapade spellistan\u00a0<strong>Commute<\/strong>, en spellista som g\u00f6r dig s\u00e4llskap oavsett om du \u00e4r p\u00e5 t\u00e5get, cykeln, till fots eller i bilen. En spellistan som fyller dig med goda takter och goda k\u00e4nslor inf\u00f6r \u00e4nnu en dag i plugg, vardag och arbete!<\/p>\n<p>F\u00f6lj spellistan och Soundshine s\u00e5 att du inte missar nya sl\u00e4pp \u2013 v\u00e5ra spellistor uppdateras varje vecka med nya l\u00e5tar!<\/p>\n<div class=\"video-container\"><iframe title=\"Spotify Embed: Pendlarlistan\" style=\"border-radius: 12px\" width=\"100%\" height=\"352\" frameborder=\"0\" allowfullscreen allow=\"autoplay; clipboard-write; encrypted-media; fullscreen; picture-in-picture\" loading=\"lazy\" src=\"https:\/\/open.spotify.com\/embed\/playlist\/7E6pjZSuSUoVXJP18i0pxY?si=1be40cda937b44db&#038;utm_source=oembed\"><\/iframe><\/div>\n","protected":false},"excerpt":{"rendered":"<p>Visst beh\u00f6ver v\u00e4l pendlingen till och fr\u00e5n jobbet ett s\u00e4llskap? Det tyckte vi och skapade spellistan\u00a0Commute, en spellista som g\u00f6r dig s\u00e4llskap oavsett om du \u00e4r p\u00e5 [&hellip;]<\/p>\n","protected":false},"author":15,"featured_media":0,"comment_status":"open","ping_status":"open","sticky":false,"template":"","format":"standard","meta":{"footnotes":"","_links_to":"","_links_to_target":""},"categories":[1],"tags":[],"class_list":["post-7402","post","type-post","status-publish","format-standard","hentry","category-musik"],"_links":{"self":[{"href":"https:\/\/blogg.varldenidag.se\/musik\/wp-json\/wp\/v2\/posts\/7402","targetHints":{"allow":["GET"]}}],"collection":[{"href":"https:\/\/blogg.varldenidag.se\/musik\/wp-json\/wp\/v2\/posts"}],"about":[{"href":"https:\/\/blogg.varldenidag.se\/musik\/wp-json\/wp\/v2\/types\/post"}],"author":[{"embeddable":true,"href":"https:\/\/blogg.varldenidag.se\/musik\/wp-json\/wp\/v2\/users\/15"}],"replies":[{"embeddable":true,"href":"https:\/\/blogg.varldenidag.se\/musik\/wp-json\/wp\/v2\/comments?post=7402"}],"version-history":[{"count":2,"href":"https:\/\/blogg.varldenidag.se\/musik\/wp-json\/wp\/v2\/posts\/7402\/revisions"}],"predecessor-version":[{"id":7419,"href":"https:\/\/blogg.varldenidag.se\/musik\/wp-json\/wp\/v2\/posts\/7402\/revisions\/7419"}],"wp:attachment":[{"href":"https:\/\/blogg.varldenidag.se\/musik\/wp-json\/wp\/v2\/media?parent=7402"}],"wp:term":[{"taxonomy":"category","embeddable":true,"href":"https:\/\/blogg.varldenidag.se\/musik\/wp-json\/wp\/v2\/categories?post=7402"},{"taxonomy":"post_tag","embeddable":true,"href":"https:\/\/blogg.varldenidag.se\/musik\/wp-json\/wp\/v2\/tags?post=7402"}],"curies":[{"name":"wp","href":"https:\/\/api.w.org\/{rel}","templated":true}]}}