{"id":7347,"date":"2023-03-24T00:04:36","date_gmt":"2023-03-23T23:04:36","guid":{"rendered":"http:\/\/blogg.varldenidag.se\/musik\/?p=7347"},"modified":"2023-03-07T11:15:30","modified_gmt":"2023-03-07T10:15:30","slug":"rebecka-ekerby-ger-oss-nya-parlor-pa-svenska","status":"publish","type":"post","link":"https:\/\/blogg.varldenidag.se\/musik\/rebecka-ekerby-ger-oss-nya-parlor-pa-svenska\/","title":{"rendered":"Rebecka Ekerby ger oss nya p\u00e4rlor p\u00e5 svenska"},"content":{"rendered":"<p>Med l\u00e5tar som \u201dJag vill g\u00f6ra mitt liv till en lovs\u00e5ng\u201d har svenska\u00a0<strong>Rebecka Ekerby\u00a0<\/strong>redan f\u00e5ngat v\u00e5ra hj\u00e4rtan med sin musik. Men nu sl\u00e4pper hon nytt material i form av den \u00e5tta l\u00e5tar l\u00e5nga l\u00e5ng-EP:n \u201dOm jag lyssnar riktigt noga\u201d och en sak \u00e4r klar \u2013\u00a0hon har mycket att ge oss!<\/p>\n<p>Skivan \u00e4r spr\u00e4ngfylld med finst\u00e4mda, avskalade popl\u00e5tar och visor p\u00e5 svenska, med texter som f\u00e5r oss att vilja lyssna och h\u00f6ra \u00e4n mer. En riktigt stark skiva fr\u00e5n en sp\u00e4nnande artist!<\/p>\n<p><strong>Spotify-l\u00e4nk: <\/strong><a href=\"https:\/\/open.spotify.com\/album\/1HMrTMtEv0qx8VUH0p8rjH?si=6TAaexknQnOoWzio7EyClg\">https:\/\/open.spotify.com\/album\/1HMrTMtEv0qx8VUH0p8rjH?si=6TAaexknQnOoWzio7EyClg<\/a><\/p>\n<div class=\"video-container\"><iframe title=\"Spotify Embed: Om jag lyssnar riktigt noga\" style=\"border-radius: 12px\" width=\"100%\" height=\"352\" frameborder=\"0\" allowfullscreen allow=\"autoplay; clipboard-write; encrypted-media; fullscreen; picture-in-picture\" loading=\"lazy\" src=\"https:\/\/open.spotify.com\/embed\/album\/1HMrTMtEv0qx8VUH0p8rjH?si=6TAaexknQnOoWzio7EyClg&#038;utm_source=oembed\"><\/iframe><\/div>\n","protected":false},"excerpt":{"rendered":"<p>Med l\u00e5tar som \u201dJag vill g\u00f6ra mitt liv till en lovs\u00e5ng\u201d har svenska\u00a0Rebecka Ekerby\u00a0redan f\u00e5ngat v\u00e5ra hj\u00e4rtan med sin musik. Men nu sl\u00e4pper hon nytt material i [&hellip;]<\/p>\n","protected":false},"author":15,"featured_media":0,"comment_status":"open","ping_status":"open","sticky":false,"template":"","format":"standard","meta":{"footnotes":"","_links_to":"","_links_to_target":""},"categories":[1],"tags":[],"class_list":["post-7347","post","type-post","status-publish","format-standard","hentry","category-musik"],"_links":{"self":[{"href":"https:\/\/blogg.varldenidag.se\/musik\/wp-json\/wp\/v2\/posts\/7347","targetHints":{"allow":["GET"]}}],"collection":[{"href":"https:\/\/blogg.varldenidag.se\/musik\/wp-json\/wp\/v2\/posts"}],"about":[{"href":"https:\/\/blogg.varldenidag.se\/musik\/wp-json\/wp\/v2\/types\/post"}],"author":[{"embeddable":true,"href":"https:\/\/blogg.varldenidag.se\/musik\/wp-json\/wp\/v2\/users\/15"}],"replies":[{"embeddable":true,"href":"https:\/\/blogg.varldenidag.se\/musik\/wp-json\/wp\/v2\/comments?post=7347"}],"version-history":[{"count":3,"href":"https:\/\/blogg.varldenidag.se\/musik\/wp-json\/wp\/v2\/posts\/7347\/revisions"}],"predecessor-version":[{"id":7371,"href":"https:\/\/blogg.varldenidag.se\/musik\/wp-json\/wp\/v2\/posts\/7347\/revisions\/7371"}],"wp:attachment":[{"href":"https:\/\/blogg.varldenidag.se\/musik\/wp-json\/wp\/v2\/media?parent=7347"}],"wp:term":[{"taxonomy":"category","embeddable":true,"href":"https:\/\/blogg.varldenidag.se\/musik\/wp-json\/wp\/v2\/categories?post=7347"},{"taxonomy":"post_tag","embeddable":true,"href":"https:\/\/blogg.varldenidag.se\/musik\/wp-json\/wp\/v2\/tags?post=7347"}],"curies":[{"name":"wp","href":"https:\/\/api.w.org\/{rel}","templated":true}]}}