{"id":7245,"date":"2023-01-15T00:01:38","date_gmt":"2023-01-14T23:01:38","guid":{"rendered":"http:\/\/blogg.varldenidag.se\/musik\/?p=7245"},"modified":"2023-01-11T10:29:55","modified_gmt":"2023-01-11T09:29:55","slug":"spellistan-for-hela-arbetsdagen-3","status":"publish","type":"post","link":"https:\/\/blogg.varldenidag.se\/musik\/spellistan-for-hela-arbetsdagen-3\/","title":{"rendered":"Spellistan f\u00f6r hela arbetsdagen!"},"content":{"rendered":"<p>Dags att dra ig\u00e5ng \u00e4nnu en ny arbetsvecka? S\u00e5 bra! F\u00f6r vi har n\u00e4mligen en spellista just f\u00f6r \u00e4ndam\u00e5let \u2013 v\u00e5r h\u00e4rliga lista Vibe @ Work, fylld med l\u00e5tar som r\u00e4cker hela arbetsdagen l\u00e5ng. Och inte vilken musik som helst \u2013 utan bara ny, bra och uppbyggande musik som dina \u00f6ron kommer att \u00e4lska!<\/p>\n<p>Det b\u00e4sta av allt? Spellistan uppdateras varje vecka med nya l\u00e5tar!<\/p>\n<p>F\u00f6lj spellistan f\u00f6r att inte missa n\u00e5gra sl\u00e4pp. Och gl\u00f6m inte att du hittar en m\u00e4ngd spellistor om du s\u00f6ker p\u00e5 <a href=\"https:\/\/open.spotify.com\/user\/ik69lbz3bp6x9rfl5x29ofxkw?si=eae724a3120d49e6\"><strong>Soundshine<\/strong><\/a> p\u00e5 Spotify.<\/p>\n<div class=\"video-container\"><iframe title=\"Spotify Embed: P\u00e5 jobbet\" style=\"border-radius: 12px\" width=\"100%\" height=\"352\" frameborder=\"0\" allowfullscreen allow=\"autoplay; clipboard-write; encrypted-media; fullscreen; picture-in-picture\" loading=\"lazy\" src=\"https:\/\/open.spotify.com\/embed\/playlist\/0tu9AbAibH3F9OShZtehyk?si=c7bda4b875564e26&#038;utm_source=oembed\"><\/iframe><\/div>\n","protected":false},"excerpt":{"rendered":"<p>Dags att dra ig\u00e5ng \u00e4nnu en ny arbetsvecka? S\u00e5 bra! F\u00f6r vi har n\u00e4mligen en spellista just f\u00f6r \u00e4ndam\u00e5let \u2013 v\u00e5r h\u00e4rliga lista Vibe @ Work, fylld [&hellip;]<\/p>\n","protected":false},"author":15,"featured_media":0,"comment_status":"open","ping_status":"open","sticky":false,"template":"","format":"standard","meta":{"footnotes":"","_links_to":"","_links_to_target":""},"categories":[1],"tags":[],"class_list":["post-7245","post","type-post","status-publish","format-standard","hentry","category-musik"],"_links":{"self":[{"href":"https:\/\/blogg.varldenidag.se\/musik\/wp-json\/wp\/v2\/posts\/7245","targetHints":{"allow":["GET"]}}],"collection":[{"href":"https:\/\/blogg.varldenidag.se\/musik\/wp-json\/wp\/v2\/posts"}],"about":[{"href":"https:\/\/blogg.varldenidag.se\/musik\/wp-json\/wp\/v2\/types\/post"}],"author":[{"embeddable":true,"href":"https:\/\/blogg.varldenidag.se\/musik\/wp-json\/wp\/v2\/users\/15"}],"replies":[{"embeddable":true,"href":"https:\/\/blogg.varldenidag.se\/musik\/wp-json\/wp\/v2\/comments?post=7245"}],"version-history":[{"count":3,"href":"https:\/\/blogg.varldenidag.se\/musik\/wp-json\/wp\/v2\/posts\/7245\/revisions"}],"predecessor-version":[{"id":7257,"href":"https:\/\/blogg.varldenidag.se\/musik\/wp-json\/wp\/v2\/posts\/7245\/revisions\/7257"}],"wp:attachment":[{"href":"https:\/\/blogg.varldenidag.se\/musik\/wp-json\/wp\/v2\/media?parent=7245"}],"wp:term":[{"taxonomy":"category","embeddable":true,"href":"https:\/\/blogg.varldenidag.se\/musik\/wp-json\/wp\/v2\/categories?post=7245"},{"taxonomy":"post_tag","embeddable":true,"href":"https:\/\/blogg.varldenidag.se\/musik\/wp-json\/wp\/v2\/tags?post=7245"}],"curies":[{"name":"wp","href":"https:\/\/api.w.org\/{rel}","templated":true}]}}