{"id":7221,"date":"2023-01-12T00:15:28","date_gmt":"2023-01-11T23:15:28","guid":{"rendered":"http:\/\/blogg.varldenidag.se\/musik\/?p=7221"},"modified":"2023-01-17T10:17:15","modified_gmt":"2023-01-17T09:17:15","slug":"svensk-lat-fylld-med-budskap","status":"publish","type":"post","link":"https:\/\/blogg.varldenidag.se\/musik\/svensk-lat-fylld-med-budskap\/","title":{"rendered":"Svensk l\u00e5t fylld med budskap"},"content":{"rendered":"<p>Det \u00e4r sv\u00e5rt att inte lyssna n\u00e4r\u00a0<strong>NRDBRG\u00a0<\/strong>(eller Andreas Noordberg som han egentligen heter) tillsammans med\u00a0<strong>Jonathan Ruth\u00a0<\/strong>ger oss l\u00e5ten \u201dDialog\u201d. Det \u00e4r en l\u00e5t med s\u00e5 mycket bra budskap att det bara \u00e4r att kapitulera och lyssna igen och igen. En riktig boost av hopp, sk\u00f6nt f\u00f6rpackat i en radiov\u00e4nlig f\u00f6rpackning som vi bara \u00e4lskar.<\/p>\n<p>Hur bra?<\/p>\n<div class=\"video-container\"><iframe title=\"Spotify Embed: Dialog\" style=\"border-radius: 12px\" width=\"100%\" height=\"152\" frameborder=\"0\" allowfullscreen allow=\"autoplay; clipboard-write; encrypted-media; fullscreen; picture-in-picture\" loading=\"lazy\" src=\"https:\/\/open.spotify.com\/embed\/track\/0dlyV9NyEAidCuTSenbEo8?si=1b8ca85edbdf49d5&#038;utm_source=oembed\"><\/iframe><\/div>\n","protected":false},"excerpt":{"rendered":"<p>Det \u00e4r sv\u00e5rt att inte lyssna n\u00e4r\u00a0NRDBRG\u00a0(eller Andreas Noordberg som han egentligen heter) tillsammans med\u00a0Jonathan Ruth\u00a0ger oss l\u00e5ten \u201dDialog\u201d. Det \u00e4r en l\u00e5t med s\u00e5 mycket bra [&hellip;]<\/p>\n","protected":false},"author":15,"featured_media":0,"comment_status":"open","ping_status":"open","sticky":false,"template":"","format":"standard","meta":{"footnotes":"","_links_to":"","_links_to_target":""},"categories":[1],"tags":[],"class_list":["post-7221","post","type-post","status-publish","format-standard","hentry","category-musik"],"_links":{"self":[{"href":"https:\/\/blogg.varldenidag.se\/musik\/wp-json\/wp\/v2\/posts\/7221","targetHints":{"allow":["GET"]}}],"collection":[{"href":"https:\/\/blogg.varldenidag.se\/musik\/wp-json\/wp\/v2\/posts"}],"about":[{"href":"https:\/\/blogg.varldenidag.se\/musik\/wp-json\/wp\/v2\/types\/post"}],"author":[{"embeddable":true,"href":"https:\/\/blogg.varldenidag.se\/musik\/wp-json\/wp\/v2\/users\/15"}],"replies":[{"embeddable":true,"href":"https:\/\/blogg.varldenidag.se\/musik\/wp-json\/wp\/v2\/comments?post=7221"}],"version-history":[{"count":2,"href":"https:\/\/blogg.varldenidag.se\/musik\/wp-json\/wp\/v2\/posts\/7221\/revisions"}],"predecessor-version":[{"id":7254,"href":"https:\/\/blogg.varldenidag.se\/musik\/wp-json\/wp\/v2\/posts\/7221\/revisions\/7254"}],"wp:attachment":[{"href":"https:\/\/blogg.varldenidag.se\/musik\/wp-json\/wp\/v2\/media?parent=7221"}],"wp:term":[{"taxonomy":"category","embeddable":true,"href":"https:\/\/blogg.varldenidag.se\/musik\/wp-json\/wp\/v2\/categories?post=7221"},{"taxonomy":"post_tag","embeddable":true,"href":"https:\/\/blogg.varldenidag.se\/musik\/wp-json\/wp\/v2\/tags?post=7221"}],"curies":[{"name":"wp","href":"https:\/\/api.w.org\/{rel}","templated":true}]}}