{"id":6947,"date":"2022-09-11T00:15:22","date_gmt":"2022-09-10T22:15:22","guid":{"rendered":"http:\/\/blogg.varldenidag.se\/musik\/?p=6947"},"modified":"2022-09-08T14:28:54","modified_gmt":"2022-09-08T12:28:54","slug":"nytt-album-fran-rend-collective","status":"publish","type":"post","link":"https:\/\/blogg.varldenidag.se\/musik\/nytt-album-fran-rend-collective\/","title":{"rendered":"Nytt album fr\u00e5n Rend Collective"},"content":{"rendered":"<p>Precis innan pandemin drabbade oss kunde vi njuta av nordirl\u00e4ndska\u00a0<strong>Rend Collective\u00a0<\/strong>som bj\u00f6d p\u00e5 en riktig festkv\u00e4ll p\u00e5 Gullbrannafestivalen. Nu, n\u00e5gra \u00e5r senare, \u00e4r ett helt nytt album h\u00e4r signerat g\u00e4nget \u2013 och som vi alla har vant oss med vid det h\u00e4r laget s\u00e5 \u00e4r niv\u00e5n h\u00f6g.<\/p>\n<p><strong>Rend\u00a0<\/strong>blandar, som vanligt, in b\u00e5de influenser fr\u00e5n hemlandet och mer klassisk CCM-lovs\u00e5ngsrock och mixar ner allt till sitt alldeles egna koncept. Det funkar givetvis lysande \u00e4ven denna g\u00e5ng!<\/p>\n<p>En av de nya favoriterna fr\u00e5n skivan blir denna, \u201d<em>True in the light\u201d.<\/em><\/p>\n<p><strong>Spotify-l\u00e4nk:\u00a0<\/strong><a href=\"https:\/\/open.spotify.com\/track\/7c8Cf7smwxgZ5PFGAqBQSJ?si=94ff4d35896d4d94\">https:\/\/open.spotify.com\/track\/7c8Cf7smwxgZ5PFGAqBQSJ?si=94ff4d35896d4d94<\/a><\/p>\n<div class=\"video-container\"><iframe loading=\"lazy\" title=\"True In The Light\" width=\"500\" height=\"375\" src=\"https:\/\/www.youtube.com\/embed\/6HgYA66Lpqs?feature=oembed\" frameborder=\"0\" allow=\"accelerometer; autoplay; clipboard-write; encrypted-media; gyroscope; picture-in-picture; web-share\" referrerpolicy=\"strict-origin-when-cross-origin\" allowfullscreen><\/iframe><\/div>\n","protected":false},"excerpt":{"rendered":"<p>Precis innan pandemin drabbade oss kunde vi njuta av nordirl\u00e4ndska\u00a0Rend Collective\u00a0som bj\u00f6d p\u00e5 en riktig festkv\u00e4ll p\u00e5 Gullbrannafestivalen. Nu, n\u00e5gra \u00e5r senare, \u00e4r ett helt nytt album [&hellip;]<\/p>\n","protected":false},"author":15,"featured_media":0,"comment_status":"open","ping_status":"open","sticky":false,"template":"","format":"standard","meta":{"footnotes":"","_links_to":"","_links_to_target":""},"categories":[1],"tags":[],"class_list":["post-6947","post","type-post","status-publish","format-standard","hentry","category-musik"],"_links":{"self":[{"href":"https:\/\/blogg.varldenidag.se\/musik\/wp-json\/wp\/v2\/posts\/6947","targetHints":{"allow":["GET"]}}],"collection":[{"href":"https:\/\/blogg.varldenidag.se\/musik\/wp-json\/wp\/v2\/posts"}],"about":[{"href":"https:\/\/blogg.varldenidag.se\/musik\/wp-json\/wp\/v2\/types\/post"}],"author":[{"embeddable":true,"href":"https:\/\/blogg.varldenidag.se\/musik\/wp-json\/wp\/v2\/users\/15"}],"replies":[{"embeddable":true,"href":"https:\/\/blogg.varldenidag.se\/musik\/wp-json\/wp\/v2\/comments?post=6947"}],"version-history":[{"count":2,"href":"https:\/\/blogg.varldenidag.se\/musik\/wp-json\/wp\/v2\/posts\/6947\/revisions"}],"predecessor-version":[{"id":6979,"href":"https:\/\/blogg.varldenidag.se\/musik\/wp-json\/wp\/v2\/posts\/6947\/revisions\/6979"}],"wp:attachment":[{"href":"https:\/\/blogg.varldenidag.se\/musik\/wp-json\/wp\/v2\/media?parent=6947"}],"wp:term":[{"taxonomy":"category","embeddable":true,"href":"https:\/\/blogg.varldenidag.se\/musik\/wp-json\/wp\/v2\/categories?post=6947"},{"taxonomy":"post_tag","embeddable":true,"href":"https:\/\/blogg.varldenidag.se\/musik\/wp-json\/wp\/v2\/tags?post=6947"}],"curies":[{"name":"wp","href":"https:\/\/api.w.org\/{rel}","templated":true}]}}