{"id":5462,"date":"2020-06-24T00:17:23","date_gmt":"2020-06-23T22:17:23","guid":{"rendered":"http:\/\/blogg.varldenidag.se\/musik\/?p=5462"},"modified":"2020-06-11T10:48:50","modified_gmt":"2020-06-11T08:48:50","slug":"spellistan-for-stranden-2","status":"publish","type":"post","link":"https:\/\/blogg.varldenidag.se\/musik\/spellistan-for-stranden-2\/","title":{"rendered":"Spellistan f\u00f6r stranden!"},"content":{"rendered":"<p>Det enda som \u00e4r b\u00e4ttre \u00e4n sommar och sol p\u00e5 en strand, \u00e4r sommar och sol p\u00e5 en strand \u2013 med riktigt bra musik! D\u00e4rf\u00f6r har vi skapat en spellista som har de d\u00e4r l\u00e5tarna som dina h\u00f6gtalare eller h\u00f6rlurar kommer \u00e4lska \u2013 allt medan v\u00e5gorna sl\u00e5r in mot land intill dig.<\/p>\n<p>Psst&#8230; f\u00f6lj\u00a0<strong>SOUNDSHINE\u00a0<\/strong>p\u00e5 Spotify f\u00f6r en v\u00e4rld av spellistor!<\/p>\n<div class=\"video-container\"><iframe title=\"Spotify Embed: Beachvibes\" style=\"border-radius: 12px\" width=\"100%\" height=\"352\" frameborder=\"0\" allowfullscreen allow=\"autoplay; clipboard-write; encrypted-media; fullscreen; picture-in-picture\" loading=\"lazy\" src=\"https:\/\/open.spotify.com\/embed\/playlist\/5DktLiTBAAJvKbJPw1d2HB?si=fLWMwQx3Sp2aK8VSG4CKFw&#038;utm_source=oembed\"><\/iframe><\/div>\n","protected":false},"excerpt":{"rendered":"<p>Det enda som \u00e4r b\u00e4ttre \u00e4n sommar och sol p\u00e5 en strand, \u00e4r sommar och sol p\u00e5 en strand \u2013 med riktigt bra musik! D\u00e4rf\u00f6r har vi [&hellip;]<\/p>\n","protected":false},"author":15,"featured_media":0,"comment_status":"open","ping_status":"open","sticky":false,"template":"","format":"standard","meta":{"footnotes":"","_links_to":"","_links_to_target":""},"categories":[1],"tags":[],"class_list":["post-5462","post","type-post","status-publish","format-standard","hentry","category-musik"],"_links":{"self":[{"href":"https:\/\/blogg.varldenidag.se\/musik\/wp-json\/wp\/v2\/posts\/5462","targetHints":{"allow":["GET"]}}],"collection":[{"href":"https:\/\/blogg.varldenidag.se\/musik\/wp-json\/wp\/v2\/posts"}],"about":[{"href":"https:\/\/blogg.varldenidag.se\/musik\/wp-json\/wp\/v2\/types\/post"}],"author":[{"embeddable":true,"href":"https:\/\/blogg.varldenidag.se\/musik\/wp-json\/wp\/v2\/users\/15"}],"replies":[{"embeddable":true,"href":"https:\/\/blogg.varldenidag.se\/musik\/wp-json\/wp\/v2\/comments?post=5462"}],"version-history":[{"count":2,"href":"https:\/\/blogg.varldenidag.se\/musik\/wp-json\/wp\/v2\/posts\/5462\/revisions"}],"predecessor-version":[{"id":5469,"href":"https:\/\/blogg.varldenidag.se\/musik\/wp-json\/wp\/v2\/posts\/5462\/revisions\/5469"}],"wp:attachment":[{"href":"https:\/\/blogg.varldenidag.se\/musik\/wp-json\/wp\/v2\/media?parent=5462"}],"wp:term":[{"taxonomy":"category","embeddable":true,"href":"https:\/\/blogg.varldenidag.se\/musik\/wp-json\/wp\/v2\/categories?post=5462"},{"taxonomy":"post_tag","embeddable":true,"href":"https:\/\/blogg.varldenidag.se\/musik\/wp-json\/wp\/v2\/tags?post=5462"}],"curies":[{"name":"wp","href":"https:\/\/api.w.org\/{rel}","templated":true}]}}