{"id":5460,"date":"2020-06-17T00:15:10","date_gmt":"2020-06-16T22:15:10","guid":{"rendered":"http:\/\/blogg.varldenidag.se\/musik\/?p=5460"},"modified":"2020-06-11T10:51:32","modified_gmt":"2020-06-11T08:51:32","slug":"spellistan-for-sommarens-roadtrip","status":"publish","type":"post","link":"https:\/\/blogg.varldenidag.se\/musik\/spellistan-for-sommarens-roadtrip\/","title":{"rendered":"Spellistan f\u00f6r sommarens roadtrip!"},"content":{"rendered":"<p>Ska du ge dig ut p\u00e5 resande fot i sommar? \u00c4ven \u00e5rets staycation l\u00e4ngs v\u00e4garna f\u00f6rtj\u00e4nar ett bra soundtrack \u2013 och h\u00e4r har vi skapat just det. Spr\u00e4ngfyllt med de d\u00e4r l\u00e5tarna som f\u00e5r asfaltstr\u00e4ckorna och kr\u00e4ngande grusv\u00e4gar att k\u00e4nnas \u00e4nnu h\u00e4rligare.<\/p>\n<p>Psst&#8230; f\u00f6lj Soundshine p\u00e5 Spotify f\u00f6r en v\u00e4rld av spellistor!<\/p>\n<div class=\"video-container\"><iframe title=\"Spotify Embed: Vibe Roadtrip\" style=\"border-radius: 12px\" width=\"100%\" height=\"352\" frameborder=\"0\" allowfullscreen allow=\"autoplay; clipboard-write; encrypted-media; fullscreen; picture-in-picture\" loading=\"lazy\" src=\"https:\/\/open.spotify.com\/embed\/playlist\/35Jw2zdfKTfeBE3uvUpGwR?si=_bT14yzhRDmAKzmcwehlFw&#038;utm_source=oembed\"><\/iframe><\/div>\n","protected":false},"excerpt":{"rendered":"<p>Ska du ge dig ut p\u00e5 resande fot i sommar? \u00c4ven \u00e5rets staycation l\u00e4ngs v\u00e4garna f\u00f6rtj\u00e4nar ett bra soundtrack \u2013 och h\u00e4r har vi skapat just det. [&hellip;]<\/p>\n","protected":false},"author":15,"featured_media":0,"comment_status":"open","ping_status":"open","sticky":false,"template":"","format":"standard","meta":{"footnotes":"","_links_to":"","_links_to_target":""},"categories":[1],"tags":[],"class_list":["post-5460","post","type-post","status-publish","format-standard","hentry","category-musik"],"_links":{"self":[{"href":"https:\/\/blogg.varldenidag.se\/musik\/wp-json\/wp\/v2\/posts\/5460","targetHints":{"allow":["GET"]}}],"collection":[{"href":"https:\/\/blogg.varldenidag.se\/musik\/wp-json\/wp\/v2\/posts"}],"about":[{"href":"https:\/\/blogg.varldenidag.se\/musik\/wp-json\/wp\/v2\/types\/post"}],"author":[{"embeddable":true,"href":"https:\/\/blogg.varldenidag.se\/musik\/wp-json\/wp\/v2\/users\/15"}],"replies":[{"embeddable":true,"href":"https:\/\/blogg.varldenidag.se\/musik\/wp-json\/wp\/v2\/comments?post=5460"}],"version-history":[{"count":2,"href":"https:\/\/blogg.varldenidag.se\/musik\/wp-json\/wp\/v2\/posts\/5460\/revisions"}],"predecessor-version":[{"id":5473,"href":"https:\/\/blogg.varldenidag.se\/musik\/wp-json\/wp\/v2\/posts\/5460\/revisions\/5473"}],"wp:attachment":[{"href":"https:\/\/blogg.varldenidag.se\/musik\/wp-json\/wp\/v2\/media?parent=5460"}],"wp:term":[{"taxonomy":"category","embeddable":true,"href":"https:\/\/blogg.varldenidag.se\/musik\/wp-json\/wp\/v2\/categories?post=5460"},{"taxonomy":"post_tag","embeddable":true,"href":"https:\/\/blogg.varldenidag.se\/musik\/wp-json\/wp\/v2\/tags?post=5460"}],"curies":[{"name":"wp","href":"https:\/\/api.w.org\/{rel}","templated":true}]}}