{"id":5442,"date":"2020-06-14T00:19:23","date_gmt":"2020-06-13T22:19:23","guid":{"rendered":"http:\/\/blogg.varldenidag.se\/musik\/?p=5442"},"modified":"2020-06-11T10:52:47","modified_gmt":"2020-06-11T08:52:47","slug":"det-gloder-om-roy-tosh","status":"publish","type":"post","link":"https:\/\/blogg.varldenidag.se\/musik\/det-gloder-om-roy-tosh\/","title":{"rendered":"Det gl\u00f6der om Roy Tosh"},"content":{"rendered":"<p>Det \u00e4r dags att \u00e4n en g\u00e5ng damma av begreppet &#8221;fr\u00e5n klarhet till klarhet&#8221;, f\u00f6r precis det g\u00f6r Orlandobaserade rapparen\u00a0<strong>Roy Tosh.\u00a0<\/strong>F\u00f6r n\u00e5gra \u00e5r sedan la han sin lovande basketkarri\u00e4r \u00e5t sidan efter att ha upplevt ett starkt m\u00f6te med Gud \u2013 och la ist\u00e4llet sitt sikte p\u00e5 musiken. Utan att ha haft n\u00e5gon tidigare musikalisk erfarenhet gav han sig i kast med hiphopens v\u00e4rld och fick god hj\u00e4lp av\u00a0<strong>Andy Mineo\u00a0<\/strong>och\u00a0<strong>Benjah\u00a0<\/strong>att forma sitt sound.<\/p>\n<p>P\u00e5 senare tid har vi l\u00e4rt oss att ett sl\u00e4pp fr\u00e5n\u00a0<strong>Roy Tosh\u00a0<\/strong>inneb\u00e4r en riktigt bra l\u00e5t \u2013 men fr\u00e5gan \u00e4r om inte hans\u00a0<em>&#8221;When I&#8217;m Gone&#8221;\u00a0<\/em>\u00e4r den b\u00e4sta hittills? Med en poppig touch i soundet, och en klistrig refr\u00e4ng, blir resultatet en l\u00e5t som \u00e4r v\u00e4ldigt sv\u00e5r att tr\u00f6ttna p\u00e5. Riktigt, riktigt bra!<\/p>\n<div class=\"video-container\"><iframe title=\"Spotify Embed: When I&amp;apos;m Gone\" style=\"border-radius: 12px\" width=\"100%\" height=\"152\" frameborder=\"0\" allowfullscreen allow=\"autoplay; clipboard-write; encrypted-media; fullscreen; picture-in-picture\" loading=\"lazy\" src=\"https:\/\/open.spotify.com\/embed\/track\/1XJRtDEOXslDFv0lR8Ngn1?si=MIOSJNMxQ4SZHwUwYFD9_Q&#038;utm_source=oembed\"><\/iframe><\/div>\n<div class=\"video-container\"><iframe loading=\"lazy\" title=\"Roy Tosh - When I&#039;m Gone (prod. by Chris Howland)\" width=\"500\" height=\"281\" src=\"https:\/\/www.youtube.com\/embed\/7IgJ2mYDvyM?feature=oembed\" frameborder=\"0\" allow=\"accelerometer; autoplay; clipboard-write; encrypted-media; gyroscope; picture-in-picture; web-share\" referrerpolicy=\"strict-origin-when-cross-origin\" allowfullscreen><\/iframe><\/div>\n","protected":false},"excerpt":{"rendered":"<p>Det \u00e4r dags att \u00e4n en g\u00e5ng damma av begreppet &#8221;fr\u00e5n klarhet till klarhet&#8221;, f\u00f6r precis det g\u00f6r Orlandobaserade rapparen\u00a0Roy Tosh.\u00a0F\u00f6r n\u00e5gra \u00e5r sedan la han sin [&hellip;]<\/p>\n","protected":false},"author":15,"featured_media":0,"comment_status":"open","ping_status":"open","sticky":false,"template":"","format":"standard","meta":{"footnotes":"","_links_to":"","_links_to_target":""},"categories":[1],"tags":[],"class_list":["post-5442","post","type-post","status-publish","format-standard","hentry","category-musik"],"_links":{"self":[{"href":"https:\/\/blogg.varldenidag.se\/musik\/wp-json\/wp\/v2\/posts\/5442","targetHints":{"allow":["GET"]}}],"collection":[{"href":"https:\/\/blogg.varldenidag.se\/musik\/wp-json\/wp\/v2\/posts"}],"about":[{"href":"https:\/\/blogg.varldenidag.se\/musik\/wp-json\/wp\/v2\/types\/post"}],"author":[{"embeddable":true,"href":"https:\/\/blogg.varldenidag.se\/musik\/wp-json\/wp\/v2\/users\/15"}],"replies":[{"embeddable":true,"href":"https:\/\/blogg.varldenidag.se\/musik\/wp-json\/wp\/v2\/comments?post=5442"}],"version-history":[{"count":2,"href":"https:\/\/blogg.varldenidag.se\/musik\/wp-json\/wp\/v2\/posts\/5442\/revisions"}],"predecessor-version":[{"id":5475,"href":"https:\/\/blogg.varldenidag.se\/musik\/wp-json\/wp\/v2\/posts\/5442\/revisions\/5475"}],"wp:attachment":[{"href":"https:\/\/blogg.varldenidag.se\/musik\/wp-json\/wp\/v2\/media?parent=5442"}],"wp:term":[{"taxonomy":"category","embeddable":true,"href":"https:\/\/blogg.varldenidag.se\/musik\/wp-json\/wp\/v2\/categories?post=5442"},{"taxonomy":"post_tag","embeddable":true,"href":"https:\/\/blogg.varldenidag.se\/musik\/wp-json\/wp\/v2\/tags?post=5442"}],"curies":[{"name":"wp","href":"https:\/\/api.w.org\/{rel}","templated":true}]}}