{"id":5440,"date":"2020-06-12T00:10:54","date_gmt":"2020-06-11T22:10:54","guid":{"rendered":"http:\/\/blogg.varldenidag.se\/musik\/?p=5440"},"modified":"2020-06-11T10:53:25","modified_gmt":"2020-06-11T08:53:25","slug":"nu-finns-the-blessing-pa-svenska","status":"publish","type":"post","link":"https:\/\/blogg.varldenidag.se\/musik\/nu-finns-the-blessing-pa-svenska\/","title":{"rendered":"Nu finns &#8221;The blessing&#8221; p\u00e5 svenska!"},"content":{"rendered":"<p>Utan tvekan har\u00a0<strong>Kari Jobe\u00a0<\/strong>och\u00a0<strong>Cody Carnes\u00a0<\/strong>nya l\u00e5t\u00a0<em>&#8221;The blessing&#8221;\u00a0<\/em>blivit en av den h\u00e4r v\u00e5rens allra st\u00f6rsta l\u00e5tar och fick mitt i pandemin extra mycket vingar v\u00e4rlden \u00f6ver d\u00e4r den spridit sig som en l\u00f6peld. Nu har l\u00e5ten dessutom sl\u00e4ppts i en svensk version \u2013 &#8221;V\u00e4lsignelsen&#8221;!\u00a0<strong>Jeanette Alfredsson\u00a0<\/strong>och\u00a0<strong>Johan \u00c5sg\u00e4rde\u00a0<\/strong>har spelat in studioversionen och vi lovar att det h\u00e4r funkar precis lika bra p\u00e5 svenska som i originalversionen.<\/p>\n<p>Den h\u00e4r l\u00e5ten kommer finnas med oss i l\u00e5ng tid fram\u00f6ver \u2013 har du inte redan h\u00f6rt den \u00e4r det nu verkligen h\u00f6g tid att g\u00f6ra det!<\/p>\n<div class=\"video-container\"><iframe title=\"Spotify Embed: V\u00e4lsignelsen\" style=\"border-radius: 12px\" width=\"100%\" height=\"152\" frameborder=\"0\" allowfullscreen allow=\"autoplay; clipboard-write; encrypted-media; fullscreen; picture-in-picture\" loading=\"lazy\" src=\"https:\/\/open.spotify.com\/embed\/track\/4yJCFghzegqyyUmwJk4Uzo?si=EYs5Ujr_S1qneHO_NMfOmw&#038;utm_source=oembed\"><\/iframe><\/div>\n<div class=\"video-container\"><iframe loading=\"lazy\" title=\"Va\u0308lsignelsen\" width=\"500\" height=\"375\" src=\"https:\/\/www.youtube.com\/embed\/Dmn_kRf8qyE?feature=oembed\" frameborder=\"0\" allow=\"accelerometer; autoplay; clipboard-write; encrypted-media; gyroscope; picture-in-picture; web-share\" referrerpolicy=\"strict-origin-when-cross-origin\" allowfullscreen><\/iframe><\/div>\n","protected":false},"excerpt":{"rendered":"<p>Utan tvekan har\u00a0Kari Jobe\u00a0och\u00a0Cody Carnes\u00a0nya l\u00e5t\u00a0&#8221;The blessing&#8221;\u00a0blivit en av den h\u00e4r v\u00e5rens allra st\u00f6rsta l\u00e5tar och fick mitt i pandemin extra mycket vingar v\u00e4rlden \u00f6ver d\u00e4r den [&hellip;]<\/p>\n","protected":false},"author":15,"featured_media":0,"comment_status":"open","ping_status":"open","sticky":false,"template":"","format":"standard","meta":{"footnotes":"","_links_to":"","_links_to_target":""},"categories":[1],"tags":[],"class_list":["post-5440","post","type-post","status-publish","format-standard","hentry","category-musik"],"_links":{"self":[{"href":"https:\/\/blogg.varldenidag.se\/musik\/wp-json\/wp\/v2\/posts\/5440","targetHints":{"allow":["GET"]}}],"collection":[{"href":"https:\/\/blogg.varldenidag.se\/musik\/wp-json\/wp\/v2\/posts"}],"about":[{"href":"https:\/\/blogg.varldenidag.se\/musik\/wp-json\/wp\/v2\/types\/post"}],"author":[{"embeddable":true,"href":"https:\/\/blogg.varldenidag.se\/musik\/wp-json\/wp\/v2\/users\/15"}],"replies":[{"embeddable":true,"href":"https:\/\/blogg.varldenidag.se\/musik\/wp-json\/wp\/v2\/comments?post=5440"}],"version-history":[{"count":2,"href":"https:\/\/blogg.varldenidag.se\/musik\/wp-json\/wp\/v2\/posts\/5440\/revisions"}],"predecessor-version":[{"id":5476,"href":"https:\/\/blogg.varldenidag.se\/musik\/wp-json\/wp\/v2\/posts\/5440\/revisions\/5476"}],"wp:attachment":[{"href":"https:\/\/blogg.varldenidag.se\/musik\/wp-json\/wp\/v2\/media?parent=5440"}],"wp:term":[{"taxonomy":"category","embeddable":true,"href":"https:\/\/blogg.varldenidag.se\/musik\/wp-json\/wp\/v2\/categories?post=5440"},{"taxonomy":"post_tag","embeddable":true,"href":"https:\/\/blogg.varldenidag.se\/musik\/wp-json\/wp\/v2\/tags?post=5440"}],"curies":[{"name":"wp","href":"https:\/\/api.w.org\/{rel}","templated":true}]}}