{"id":5438,"date":"2020-06-10T00:00:45","date_gmt":"2020-06-09T22:00:45","guid":{"rendered":"http:\/\/blogg.varldenidag.se\/musik\/?p=5438"},"modified":"2020-06-11T10:54:00","modified_gmt":"2020-06-11T08:54:00","slug":"ny-lovsang-fran-kalifornien-2","status":"publish","type":"post","link":"https:\/\/blogg.varldenidag.se\/musik\/ny-lovsang-fran-kalifornien-2\/","title":{"rendered":"Ny lovs\u00e5ng fr\u00e5n Kalifornien"},"content":{"rendered":"<p>Det finns m\u00e5nga nya, &#8221;up and coming&#8221;-namn inom lovs\u00e5ngen just nu, och amerikanska\u00a0<strong>Phil King\u00a0<\/strong>\u00e4r definitivt en av dem. Kalifornien \u00e4r hemvisten d\u00e4r han huserar och d\u00e4r han jobbar som l\u00e5tskrivare och lovs\u00e5ngsledare och \u00e4r aktiv inom megakyrkan\u00a0<strong>Gateway Church.\u00a0<\/strong>Hans egna skivsl\u00e4pp med lovs\u00e5ng n\u00e5r allt l\u00e4ngre och senaste plattan\u00a0<em>&#8221;All Glory&#8221;,\u00a0<\/em>som sl\u00e4pptes i v\u00e5ras, \u00e4r en av f\u00f6rklaringarna till varf\u00f6r.<\/p>\n<p><strong>Phil\u00a0<\/strong>r\u00f6r sig i samma lovs\u00e5ngssound som exempelvis\u00a0<strong>Corey Voss\u00a0<\/strong>och\u00a0<strong>Steven McWirther,\u00a0<\/strong>vilket f\u00f6rklarar lite hur det l\u00e5ter. L\u00e5ten\u00a0<em>&#8221;Greater Realms Of Glory&#8221;\u00a0<\/em>\u00e4r ett av de allra b\u00e4sta sp\u00e5ren fr\u00e5n nya skivan, skriven tillsammans med duktiga\u00a0<strong>Michael Farren.\u00a0<\/strong>Riktigt bra lovs\u00e5ng utlovas!<\/p>\n<div class=\"video-container\"><iframe title=\"Spotify Embed: Greater Realms of Glory (Live)\" style=\"border-radius: 12px\" width=\"100%\" height=\"152\" frameborder=\"0\" allowfullscreen allow=\"autoplay; clipboard-write; encrypted-media; fullscreen; picture-in-picture\" loading=\"lazy\" src=\"https:\/\/open.spotify.com\/embed\/track\/3tHXa9s36rawCrFocgJ34O?si=PepKSiuRTq6X1XUQv-A0Og&#038;utm_source=oembed\"><\/iframe><\/div>\n<div class=\"video-container\"><iframe loading=\"lazy\" title=\"Phil King - Greater Realms Of Glory | Live | All Glory\" width=\"500\" height=\"281\" src=\"https:\/\/www.youtube.com\/embed\/sSp6fQMidmg?feature=oembed\" frameborder=\"0\" allow=\"accelerometer; autoplay; clipboard-write; encrypted-media; gyroscope; picture-in-picture; web-share\" referrerpolicy=\"strict-origin-when-cross-origin\" allowfullscreen><\/iframe><\/div>\n","protected":false},"excerpt":{"rendered":"<p>Det finns m\u00e5nga nya, &#8221;up and coming&#8221;-namn inom lovs\u00e5ngen just nu, och amerikanska\u00a0Phil King\u00a0\u00e4r definitivt en av dem. Kalifornien \u00e4r hemvisten d\u00e4r han huserar och d\u00e4r han [&hellip;]<\/p>\n","protected":false},"author":15,"featured_media":0,"comment_status":"open","ping_status":"open","sticky":false,"template":"","format":"standard","meta":{"footnotes":"","_links_to":"","_links_to_target":""},"categories":[1],"tags":[],"class_list":["post-5438","post","type-post","status-publish","format-standard","hentry","category-musik"],"_links":{"self":[{"href":"https:\/\/blogg.varldenidag.se\/musik\/wp-json\/wp\/v2\/posts\/5438","targetHints":{"allow":["GET"]}}],"collection":[{"href":"https:\/\/blogg.varldenidag.se\/musik\/wp-json\/wp\/v2\/posts"}],"about":[{"href":"https:\/\/blogg.varldenidag.se\/musik\/wp-json\/wp\/v2\/types\/post"}],"author":[{"embeddable":true,"href":"https:\/\/blogg.varldenidag.se\/musik\/wp-json\/wp\/v2\/users\/15"}],"replies":[{"embeddable":true,"href":"https:\/\/blogg.varldenidag.se\/musik\/wp-json\/wp\/v2\/comments?post=5438"}],"version-history":[{"count":2,"href":"https:\/\/blogg.varldenidag.se\/musik\/wp-json\/wp\/v2\/posts\/5438\/revisions"}],"predecessor-version":[{"id":5477,"href":"https:\/\/blogg.varldenidag.se\/musik\/wp-json\/wp\/v2\/posts\/5438\/revisions\/5477"}],"wp:attachment":[{"href":"https:\/\/blogg.varldenidag.se\/musik\/wp-json\/wp\/v2\/media?parent=5438"}],"wp:term":[{"taxonomy":"category","embeddable":true,"href":"https:\/\/blogg.varldenidag.se\/musik\/wp-json\/wp\/v2\/categories?post=5438"},{"taxonomy":"post_tag","embeddable":true,"href":"https:\/\/blogg.varldenidag.se\/musik\/wp-json\/wp\/v2\/tags?post=5438"}],"curies":[{"name":"wp","href":"https:\/\/api.w.org\/{rel}","templated":true}]}}