{"id":5426,"date":"2020-06-09T00:42:37","date_gmt":"2020-06-08T22:42:37","guid":{"rendered":"http:\/\/blogg.varldenidag.se\/musik\/?p=5426"},"modified":"2020-06-11T10:54:13","modified_gmt":"2020-06-11T08:54:13","slug":"ny-spellista-for-sommaren","status":"publish","type":"post","link":"https:\/\/blogg.varldenidag.se\/musik\/ny-spellista-for-sommaren\/","title":{"rendered":"Ny spellista f\u00f6r sommaren!"},"content":{"rendered":"<p>Sommarens varma, stilla och underbara kv\u00e4llar har \u00e4ntligen f\u00e5tt en egen spellista:\u00a0<strong>Vibe Summer Nights!<\/strong> Spellistan hj\u00e4lper dig att komma i st\u00e4mning och ackompanjerar dig i sommarens h\u00e4rligaste kv\u00e4llar.<\/p>\n<p><a href=\"https:\/\/open.spotify.com\/playlist\/7EZlhViKu386qPl7ci40qL?si=cuMjme88TFy_DBq3vvIABA\">https:\/\/open.spotify.com\/playlist\/7EZlhViKu386qPl7ci40qL?si=cuMjme88TFy_DBq3vvIABA<\/a><\/p>\n<p>Psst&#8230; f\u00f6lj SOUNDSHINE p\u00e5 Spotify f\u00f6r en v\u00e4rld av spellistor!<\/p>\n<p><a href=\"https:\/\/glowingvibe.files.wordpress.com\/2020\/06\/summernights.jpg\"><img loading=\"lazy\" decoding=\"async\" class=\"size-medium wp-image-4395 aligncenter\" src=\"https:\/\/glowingvibe.files.wordpress.com\/2020\/06\/summernights.jpg?w=300\" alt=\"\" width=\"300\" height=\"199\" \/><\/a><\/p>\n","protected":false},"excerpt":{"rendered":"<p>Sommarens varma, stilla och underbara kv\u00e4llar har \u00e4ntligen f\u00e5tt en egen spellista:\u00a0Vibe Summer Nights! Spellistan hj\u00e4lper dig att komma i st\u00e4mning och ackompanjerar dig i sommarens h\u00e4rligaste [&hellip;]<\/p>\n","protected":false},"author":15,"featured_media":0,"comment_status":"open","ping_status":"open","sticky":false,"template":"","format":"standard","meta":{"footnotes":"","_links_to":"","_links_to_target":""},"categories":[1],"tags":[],"class_list":["post-5426","post","type-post","status-publish","format-standard","hentry","category-musik"],"_links":{"self":[{"href":"https:\/\/blogg.varldenidag.se\/musik\/wp-json\/wp\/v2\/posts\/5426","targetHints":{"allow":["GET"]}}],"collection":[{"href":"https:\/\/blogg.varldenidag.se\/musik\/wp-json\/wp\/v2\/posts"}],"about":[{"href":"https:\/\/blogg.varldenidag.se\/musik\/wp-json\/wp\/v2\/types\/post"}],"author":[{"embeddable":true,"href":"https:\/\/blogg.varldenidag.se\/musik\/wp-json\/wp\/v2\/users\/15"}],"replies":[{"embeddable":true,"href":"https:\/\/blogg.varldenidag.se\/musik\/wp-json\/wp\/v2\/comments?post=5426"}],"version-history":[{"count":3,"href":"https:\/\/blogg.varldenidag.se\/musik\/wp-json\/wp\/v2\/posts\/5426\/revisions"}],"predecessor-version":[{"id":5429,"href":"https:\/\/blogg.varldenidag.se\/musik\/wp-json\/wp\/v2\/posts\/5426\/revisions\/5429"}],"wp:attachment":[{"href":"https:\/\/blogg.varldenidag.se\/musik\/wp-json\/wp\/v2\/media?parent=5426"}],"wp:term":[{"taxonomy":"category","embeddable":true,"href":"https:\/\/blogg.varldenidag.se\/musik\/wp-json\/wp\/v2\/categories?post=5426"},{"taxonomy":"post_tag","embeddable":true,"href":"https:\/\/blogg.varldenidag.se\/musik\/wp-json\/wp\/v2\/tags?post=5426"}],"curies":[{"name":"wp","href":"https:\/\/api.w.org\/{rel}","templated":true}]}}