{"id":5389,"date":"2020-06-06T00:03:22","date_gmt":"2020-06-05T22:03:22","guid":{"rendered":"http:\/\/blogg.varldenidag.se\/musik\/?p=5389"},"modified":"2020-05-20T11:24:45","modified_gmt":"2020-05-20T09:24:45","slug":"engelsmannen-gor-dance-av-amazing-grace","status":"publish","type":"post","link":"https:\/\/blogg.varldenidag.se\/musik\/engelsmannen-gor-dance-av-amazing-grace\/","title":{"rendered":"Engelsm\u00e4nnen g\u00f6r dance av &#8221;Amazing Grace&#8221;"},"content":{"rendered":"<p>Du har troligen redan h\u00f6rt od\u00f6dliga\u00a0<em>&#8221;Amazing Grace&#8221;\u00a0<\/em>i fler varianter \u00e4n det finns blommor p\u00e5 sommar\u00e4ngarna, men troligen har du inte h\u00f6rt l\u00e5ten paketeras p\u00e5 det s\u00e4ttet som engelska\u00a0<strong>LZ7\u00a0<\/strong>bjussar p\u00e5.<\/p>\n<p>N\u00e4r de plockar upp l\u00e5ten i sitt elektroniska dancefodral f\u00e5r refr\u00e4ngen en ny kostym som visar sig funka alldeles utm\u00e4rkt. Allt dessutom p\u00e5 klassisk, alltid h\u00f6g\u00a0<strong>LZ7-<\/strong>niv\u00e5. Riktigt bra!<\/p>\n<div class=\"video-container\"><iframe title=\"Spotify Embed: Amazing Grace\" style=\"border-radius: 12px\" width=\"100%\" height=\"152\" frameborder=\"0\" allowfullscreen allow=\"autoplay; clipboard-write; encrypted-media; fullscreen; picture-in-picture\" loading=\"lazy\" src=\"https:\/\/open.spotify.com\/embed\/track\/6YS2mdcot5M3JhSSuqrF5l?si=cB0WweBeSwmVQ0Lq8ZMdaQ&#038;utm_source=oembed\"><\/iframe><\/div>\n<div class=\"video-container\"><iframe loading=\"lazy\" title=\"Amazing Grace\" width=\"500\" height=\"375\" src=\"https:\/\/www.youtube.com\/embed\/nmvheB0sxMg?feature=oembed\" frameborder=\"0\" allow=\"accelerometer; autoplay; clipboard-write; encrypted-media; gyroscope; picture-in-picture; web-share\" referrerpolicy=\"strict-origin-when-cross-origin\" allowfullscreen><\/iframe><\/div>\n","protected":false},"excerpt":{"rendered":"<p>Du har troligen redan h\u00f6rt od\u00f6dliga\u00a0&#8221;Amazing Grace&#8221;\u00a0i fler varianter \u00e4n det finns blommor p\u00e5 sommar\u00e4ngarna, men troligen har du inte h\u00f6rt l\u00e5ten paketeras p\u00e5 det s\u00e4ttet som [&hellip;]<\/p>\n","protected":false},"author":15,"featured_media":0,"comment_status":"open","ping_status":"open","sticky":false,"template":"","format":"standard","meta":{"footnotes":"","_links_to":"","_links_to_target":""},"categories":[1],"tags":[],"class_list":["post-5389","post","type-post","status-publish","format-standard","hentry","category-musik"],"_links":{"self":[{"href":"https:\/\/blogg.varldenidag.se\/musik\/wp-json\/wp\/v2\/posts\/5389","targetHints":{"allow":["GET"]}}],"collection":[{"href":"https:\/\/blogg.varldenidag.se\/musik\/wp-json\/wp\/v2\/posts"}],"about":[{"href":"https:\/\/blogg.varldenidag.se\/musik\/wp-json\/wp\/v2\/types\/post"}],"author":[{"embeddable":true,"href":"https:\/\/blogg.varldenidag.se\/musik\/wp-json\/wp\/v2\/users\/15"}],"replies":[{"embeddable":true,"href":"https:\/\/blogg.varldenidag.se\/musik\/wp-json\/wp\/v2\/comments?post=5389"}],"version-history":[{"count":2,"href":"https:\/\/blogg.varldenidag.se\/musik\/wp-json\/wp\/v2\/posts\/5389\/revisions"}],"predecessor-version":[{"id":5394,"href":"https:\/\/blogg.varldenidag.se\/musik\/wp-json\/wp\/v2\/posts\/5389\/revisions\/5394"}],"wp:attachment":[{"href":"https:\/\/blogg.varldenidag.se\/musik\/wp-json\/wp\/v2\/media?parent=5389"}],"wp:term":[{"taxonomy":"category","embeddable":true,"href":"https:\/\/blogg.varldenidag.se\/musik\/wp-json\/wp\/v2\/categories?post=5389"},{"taxonomy":"post_tag","embeddable":true,"href":"https:\/\/blogg.varldenidag.se\/musik\/wp-json\/wp\/v2\/tags?post=5389"}],"curies":[{"name":"wp","href":"https:\/\/api.w.org\/{rel}","templated":true}]}}