{"id":468,"date":"2012-08-20T07:00:46","date_gmt":"2012-08-20T05:00:46","guid":{"rendered":"http:\/\/blogg.varldenidag.se\/musik\/?p=468"},"modified":"2012-08-29T22:41:55","modified_gmt":"2012-08-29T20:41:55","slug":"mac-powell-gor-country-skiva","status":"publish","type":"post","link":"https:\/\/blogg.varldenidag.se\/musik\/mac-powell-gor-country-skiva\/","title":{"rendered":"Mac Powell g\u00f6r countryskiva"},"content":{"rendered":"<p>N\u00e4r v\u00e4lk\u00e4nda bandet <strong>Third Day<\/strong>&#8217;s s\u00e5ngare <strong>Mac Powell<\/strong> nu g\u00f6r solodebut, g\u00f6r han det med en countryskiva (!). Inte helt v\u00e4ntat. Men om man t\u00e4nker efter drar ju \u00e4ven Third Day&#8217;s l\u00e5tar \u00e5t det h\u00e5llet, om \u00e4n med mer distade gitarrer.<\/p>\n<p>Mac Powell s\u00e4ger i en kommentar om skivan att hans uppv\u00e4xt i Clanton, Alabama, \u00e4r vad som har gett honom k\u00e4rleken till countryn. Han s\u00e4ger ocks\u00e5 att han har l\u00e4ngtat efter att g\u00f6ra den h\u00e4r skivan i fem \u00e5r men att det \u00e4r f\u00f6rst nu som det har varit m\u00f6jligt.<\/p>\n<p>P\u00e5 Mac Powells hemsida finns flera klipp fr\u00e5n skivan och det l\u00e5ter riktigt, riktigt bra. Det h\u00e4r kan nog vara en av \u00e5rets b\u00e4sta skivor! <a href=\"http:\/\/macpowell.com\/\">Lyssna bara p\u00e5 gunget i &#8221;Sweet Georgia Girl&#8221; s\u00e5 f\u00f6rst\u00e5r ni vad jag menar.<\/a> Jag \u00e4r s\u00e5ld!<\/p>\n<p>Solodebuten betyder dock inte att Third Day l\u00e4ggs p\u00e5 is. Nejd\u00e5, en ny skiva (<em>Miracle<\/em>) \u00e4r p\u00e5 g\u00e5ng till november.<\/p>\n<p><a href=\"http:\/\/blogg.varldenidag.se\/musik\/files\/2012\/08\/Mac-Album-front.jpg\"><img loading=\"lazy\" decoding=\"async\" class=\"alignleft  wp-image-469\" src=\"http:\/\/blogg.varldenidag.se\/musik\/files\/2012\/08\/Mac-Album-front.jpg\" alt=\"\" width=\"496\" height=\"490\" srcset=\"https:\/\/blogg.varldenidag.se\/musik\/files\/2012\/08\/Mac-Album-front.jpg 700w, https:\/\/blogg.varldenidag.se\/musik\/files\/2012\/08\/Mac-Album-front-300x297.jpg 300w\" sizes=\"auto, (max-width: 496px) 100vw, 496px\" \/><\/a><\/p>\n","protected":false},"excerpt":{"rendered":"<p>N\u00e4r v\u00e4lk\u00e4nda bandet Third Day&#8217;s s\u00e5ngare Mac Powell nu g\u00f6r solodebut, g\u00f6r han det med en countryskiva (!). Inte helt v\u00e4ntat. Men om man t\u00e4nker efter drar [&hellip;]<\/p>\n","protected":false},"author":14,"featured_media":469,"comment_status":"open","ping_status":"open","sticky":false,"template":"","format":"standard","meta":{"footnotes":"","_links_to":"","_links_to_target":""},"categories":[1],"tags":[134,133],"class_list":["post-468","post","type-post","status-publish","format-standard","has-post-thumbnail","hentry","category-musik","tag-mac-powell","tag-third-day"],"_links":{"self":[{"href":"https:\/\/blogg.varldenidag.se\/musik\/wp-json\/wp\/v2\/posts\/468","targetHints":{"allow":["GET"]}}],"collection":[{"href":"https:\/\/blogg.varldenidag.se\/musik\/wp-json\/wp\/v2\/posts"}],"about":[{"href":"https:\/\/blogg.varldenidag.se\/musik\/wp-json\/wp\/v2\/types\/post"}],"author":[{"embeddable":true,"href":"https:\/\/blogg.varldenidag.se\/musik\/wp-json\/wp\/v2\/users\/14"}],"replies":[{"embeddable":true,"href":"https:\/\/blogg.varldenidag.se\/musik\/wp-json\/wp\/v2\/comments?post=468"}],"version-history":[{"count":11,"href":"https:\/\/blogg.varldenidag.se\/musik\/wp-json\/wp\/v2\/posts\/468\/revisions"}],"predecessor-version":[{"id":562,"href":"https:\/\/blogg.varldenidag.se\/musik\/wp-json\/wp\/v2\/posts\/468\/revisions\/562"}],"wp:featuredmedia":[{"embeddable":true,"href":"https:\/\/blogg.varldenidag.se\/musik\/wp-json\/wp\/v2\/media\/469"}],"wp:attachment":[{"href":"https:\/\/blogg.varldenidag.se\/musik\/wp-json\/wp\/v2\/media?parent=468"}],"wp:term":[{"taxonomy":"category","embeddable":true,"href":"https:\/\/blogg.varldenidag.se\/musik\/wp-json\/wp\/v2\/categories?post=468"},{"taxonomy":"post_tag","embeddable":true,"href":"https:\/\/blogg.varldenidag.se\/musik\/wp-json\/wp\/v2\/tags?post=468"}],"curies":[{"name":"wp","href":"https:\/\/api.w.org\/{rel}","templated":true}]}}