{"id":4255,"date":"2019-06-22T00:56:38","date_gmt":"2019-06-21T22:56:38","guid":{"rendered":"http:\/\/blogg.varldenidag.se\/musik\/?p=4255"},"modified":"2019-06-10T21:59:26","modified_gmt":"2019-06-10T19:59:26","slug":"maxa-beach-2019","status":"publish","type":"post","link":"https:\/\/blogg.varldenidag.se\/musik\/maxa-beach-2019\/","title":{"rendered":"Maxa beach 2019!"},"content":{"rendered":"<p>Vrid upp volymen och ta fram solkr\u00e4men &#8211; h\u00e4r \u00e4r spellistan som g\u00f6r dig s\u00e4llskap i sommar medan du b\u00e4ttrar p\u00e5 solbr\u00e4nnan. Den ultimata spellistan f\u00f6r stranden och ett m\u00e5ste f\u00f6r Beach 2019.<\/p>\n<p><strong>Spotify-l\u00e4nk:\u00a0<\/strong>https:\/\/open.spotify.com\/playlist\/5DktLiTBAAJvKbJPw1d2HB?si=bd1wzKcSReC-i99SzvCHpA<\/p>\n<p>Psst&#8230; f\u00f6lj <strong>Soundshine<\/strong> p\u00e5 Spotify f\u00f6r en v\u00e4rld av spellistor!<\/p>\n<p>&nbsp;<\/p>\n<div class=\"video-container\"><iframe title=\"Spotify Embed: Beachvibes\" style=\"border-radius: 12px\" width=\"100%\" height=\"352\" frameborder=\"0\" allowfullscreen allow=\"autoplay; clipboard-write; encrypted-media; fullscreen; picture-in-picture\" loading=\"lazy\" src=\"https:\/\/open.spotify.com\/embed\/playlist\/5DktLiTBAAJvKbJPw1d2HB?si=bd1wzKcSReC-i99SzvCHpA&#038;utm_source=oembed\"><\/iframe><\/div>\n<p>&nbsp;<\/p>\n","protected":false},"excerpt":{"rendered":"<p>Vrid upp volymen och ta fram solkr\u00e4men &#8211; h\u00e4r \u00e4r spellistan som g\u00f6r dig s\u00e4llskap i sommar medan du b\u00e4ttrar p\u00e5 solbr\u00e4nnan. Den ultimata spellistan f\u00f6r stranden [&hellip;]<\/p>\n","protected":false},"author":15,"featured_media":0,"comment_status":"open","ping_status":"open","sticky":false,"template":"","format":"standard","meta":{"footnotes":"","_links_to":"","_links_to_target":""},"categories":[1],"tags":[],"class_list":["post-4255","post","type-post","status-publish","format-standard","hentry","category-musik"],"_links":{"self":[{"href":"https:\/\/blogg.varldenidag.se\/musik\/wp-json\/wp\/v2\/posts\/4255","targetHints":{"allow":["GET"]}}],"collection":[{"href":"https:\/\/blogg.varldenidag.se\/musik\/wp-json\/wp\/v2\/posts"}],"about":[{"href":"https:\/\/blogg.varldenidag.se\/musik\/wp-json\/wp\/v2\/types\/post"}],"author":[{"embeddable":true,"href":"https:\/\/blogg.varldenidag.se\/musik\/wp-json\/wp\/v2\/users\/15"}],"replies":[{"embeddable":true,"href":"https:\/\/blogg.varldenidag.se\/musik\/wp-json\/wp\/v2\/comments?post=4255"}],"version-history":[{"count":1,"href":"https:\/\/blogg.varldenidag.se\/musik\/wp-json\/wp\/v2\/posts\/4255\/revisions"}],"predecessor-version":[{"id":4256,"href":"https:\/\/blogg.varldenidag.se\/musik\/wp-json\/wp\/v2\/posts\/4255\/revisions\/4256"}],"wp:attachment":[{"href":"https:\/\/blogg.varldenidag.se\/musik\/wp-json\/wp\/v2\/media?parent=4255"}],"wp:term":[{"taxonomy":"category","embeddable":true,"href":"https:\/\/blogg.varldenidag.se\/musik\/wp-json\/wp\/v2\/categories?post=4255"},{"taxonomy":"post_tag","embeddable":true,"href":"https:\/\/blogg.varldenidag.se\/musik\/wp-json\/wp\/v2\/tags?post=4255"}],"curies":[{"name":"wp","href":"https:\/\/api.w.org\/{rel}","templated":true}]}}