{"id":4251,"date":"2019-06-10T21:51:34","date_gmt":"2019-06-10T19:51:34","guid":{"rendered":"http:\/\/blogg.varldenidag.se\/musik\/?p=4251"},"modified":"2019-06-10T21:51:34","modified_gmt":"2019-06-10T19:51:34","slug":"spellistan-for-sommaren-2","status":"publish","type":"post","link":"https:\/\/blogg.varldenidag.se\/musik\/spellistan-for-sommaren-2\/","title":{"rendered":"Spellistan f\u00f6r sommaren"},"content":{"rendered":"<p>Sommaren \u00e4r \u00e4ntligen h\u00e4r &#8211; och \u00e4ntligen har vi uppdaterat v\u00e5r spellista\u00a0<strong>Summervibes 2019\u00a0<\/strong>med \u00e5rets st\u00f6rsta sommarpl\u00e5gor! H\u00e4r finns hitsen som ackompanjerar solbr\u00e4nnan, strandh\u00e4nget, poolmyset och tr\u00e4dg\u00e5rdsfesterna&#8230;helt enkelt allt du beh\u00f6ver f\u00f6r att maxa \u00e5rets glassigaste m\u00e5nader. Uppdateras dessutom regelbundet, s\u00e5 fort n\u00e5gon ny favorit dyker upp. F\u00f6lj listan f\u00f6r att inte missa n\u00e5got i sommar!<\/p>\n<p>&nbsp;<\/p>\n<p>Psst&#8230; gl\u00f6m inte att f\u00f6lja\u00a0<strong>Soundshine\u00a0<\/strong>p\u00e5 Spotify f\u00f6r en v\u00e4rld av spellistor!<\/p>\n<div class=\"video-container\"><iframe title=\"Spotify Embed: Summervibes 2024\" style=\"border-radius: 12px\" width=\"100%\" height=\"352\" frameborder=\"0\" allowfullscreen allow=\"autoplay; clipboard-write; encrypted-media; fullscreen; picture-in-picture\" loading=\"lazy\" src=\"https:\/\/open.spotify.com\/embed\/playlist\/64VrW1RAugIOtVArmRjVBs?si=fke1Bv8kTE6qdu7kvW7llA&#038;utm_source=oembed\"><\/iframe><\/div>\n<p>&nbsp;<\/p>\n","protected":false},"excerpt":{"rendered":"<p>Sommaren \u00e4r \u00e4ntligen h\u00e4r &#8211; och \u00e4ntligen har vi uppdaterat v\u00e5r spellista\u00a0Summervibes 2019\u00a0med \u00e5rets st\u00f6rsta sommarpl\u00e5gor! H\u00e4r finns hitsen som ackompanjerar solbr\u00e4nnan, strandh\u00e4nget, poolmyset och tr\u00e4dg\u00e5rdsfesterna&#8230;helt enkelt [&hellip;]<\/p>\n","protected":false},"author":15,"featured_media":0,"comment_status":"open","ping_status":"open","sticky":false,"template":"","format":"standard","meta":{"footnotes":"","_links_to":"","_links_to_target":""},"categories":[1],"tags":[],"class_list":["post-4251","post","type-post","status-publish","format-standard","hentry","category-musik"],"_links":{"self":[{"href":"https:\/\/blogg.varldenidag.se\/musik\/wp-json\/wp\/v2\/posts\/4251","targetHints":{"allow":["GET"]}}],"collection":[{"href":"https:\/\/blogg.varldenidag.se\/musik\/wp-json\/wp\/v2\/posts"}],"about":[{"href":"https:\/\/blogg.varldenidag.se\/musik\/wp-json\/wp\/v2\/types\/post"}],"author":[{"embeddable":true,"href":"https:\/\/blogg.varldenidag.se\/musik\/wp-json\/wp\/v2\/users\/15"}],"replies":[{"embeddable":true,"href":"https:\/\/blogg.varldenidag.se\/musik\/wp-json\/wp\/v2\/comments?post=4251"}],"version-history":[{"count":1,"href":"https:\/\/blogg.varldenidag.se\/musik\/wp-json\/wp\/v2\/posts\/4251\/revisions"}],"predecessor-version":[{"id":4252,"href":"https:\/\/blogg.varldenidag.se\/musik\/wp-json\/wp\/v2\/posts\/4251\/revisions\/4252"}],"wp:attachment":[{"href":"https:\/\/blogg.varldenidag.se\/musik\/wp-json\/wp\/v2\/media?parent=4251"}],"wp:term":[{"taxonomy":"category","embeddable":true,"href":"https:\/\/blogg.varldenidag.se\/musik\/wp-json\/wp\/v2\/categories?post=4251"},{"taxonomy":"post_tag","embeddable":true,"href":"https:\/\/blogg.varldenidag.se\/musik\/wp-json\/wp\/v2\/tags?post=4251"}],"curies":[{"name":"wp","href":"https:\/\/api.w.org\/{rel}","templated":true}]}}