{"id":4240,"date":"2019-06-11T00:19:16","date_gmt":"2019-06-10T22:19:16","guid":{"rendered":"http:\/\/blogg.varldenidag.se\/musik\/?p=4240"},"modified":"2019-06-02T21:19:35","modified_gmt":"2019-06-02T19:19:35","slug":"dags-for-genombrott-for-allan-scott","status":"publish","type":"post","link":"https:\/\/blogg.varldenidag.se\/musik\/dags-for-genombrott-for-allan-scott\/","title":{"rendered":"Dags f\u00f6r genombrott f\u00f6r Allan Scott?"},"content":{"rendered":"<p>Amerikanska artisten\u00a0<strong>Allan Scott\u00a0<\/strong>har sl\u00e4ppt musik sedan 2014, men har \u00e4nnu inte sett sitt stora genombrott komma. Men kanske \u00e4r hans nya singel\u00a0<em>&#8221;Fearless&#8221;\u00a0<\/em>l\u00e5ten som ska \u00e4ndra p\u00e5 den saken?<\/p>\n<p><em>&#8221;Fearless&#8221;\u00a0<\/em>\u00e4r n\u00e4mligen en riktig radiod\u00e4nga, som gjord f\u00f6r att spelas flitigt b\u00e5de p\u00e5 radiostationer och i dina spellistor. Med hj\u00e4lp av s\u00e5ngerskan\u00a0<strong>Charisah<\/strong>\u00a0har han skapat en av sommarens b\u00e4sta popl\u00e5tar &#8211; som s\u00e4tter sig snabbt. Missa icke!<\/p>\n<p><strong>Spotify-l\u00e4nk:\u00a0<\/strong>https:\/\/open.spotify.com\/track\/7aAXCOPdWKbihc7iuve97P?si=SfabaOu1SVGRnQ1UhSZ75w<\/p>\n<div class=\"video-container\"><iframe loading=\"lazy\" title=\"Allan Scott - Fearless (feat. Charisah)\" width=\"500\" height=\"281\" src=\"https:\/\/www.youtube.com\/embed\/bDc1tatet9c?feature=oembed\" frameborder=\"0\" allow=\"accelerometer; autoplay; clipboard-write; encrypted-media; gyroscope; picture-in-picture; web-share\" referrerpolicy=\"strict-origin-when-cross-origin\" allowfullscreen><\/iframe><\/div>\n<p>&nbsp;<\/p>\n","protected":false},"excerpt":{"rendered":"<p>Amerikanska artisten\u00a0Allan Scott\u00a0har sl\u00e4ppt musik sedan 2014, men har \u00e4nnu inte sett sitt stora genombrott komma. Men kanske \u00e4r hans nya singel\u00a0&#8221;Fearless&#8221;\u00a0l\u00e5ten som ska \u00e4ndra p\u00e5 den [&hellip;]<\/p>\n","protected":false},"author":15,"featured_media":0,"comment_status":"open","ping_status":"open","sticky":false,"template":"","format":"standard","meta":{"footnotes":"","_links_to":"","_links_to_target":""},"categories":[1],"tags":[],"class_list":["post-4240","post","type-post","status-publish","format-standard","hentry","category-musik"],"_links":{"self":[{"href":"https:\/\/blogg.varldenidag.se\/musik\/wp-json\/wp\/v2\/posts\/4240","targetHints":{"allow":["GET"]}}],"collection":[{"href":"https:\/\/blogg.varldenidag.se\/musik\/wp-json\/wp\/v2\/posts"}],"about":[{"href":"https:\/\/blogg.varldenidag.se\/musik\/wp-json\/wp\/v2\/types\/post"}],"author":[{"embeddable":true,"href":"https:\/\/blogg.varldenidag.se\/musik\/wp-json\/wp\/v2\/users\/15"}],"replies":[{"embeddable":true,"href":"https:\/\/blogg.varldenidag.se\/musik\/wp-json\/wp\/v2\/comments?post=4240"}],"version-history":[{"count":1,"href":"https:\/\/blogg.varldenidag.se\/musik\/wp-json\/wp\/v2\/posts\/4240\/revisions"}],"predecessor-version":[{"id":4241,"href":"https:\/\/blogg.varldenidag.se\/musik\/wp-json\/wp\/v2\/posts\/4240\/revisions\/4241"}],"wp:attachment":[{"href":"https:\/\/blogg.varldenidag.se\/musik\/wp-json\/wp\/v2\/media?parent=4240"}],"wp:term":[{"taxonomy":"category","embeddable":true,"href":"https:\/\/blogg.varldenidag.se\/musik\/wp-json\/wp\/v2\/categories?post=4240"},{"taxonomy":"post_tag","embeddable":true,"href":"https:\/\/blogg.varldenidag.se\/musik\/wp-json\/wp\/v2\/tags?post=4240"}],"curies":[{"name":"wp","href":"https:\/\/api.w.org\/{rel}","templated":true}]}}