{"id":4157,"date":"2019-04-08T00:17:24","date_gmt":"2019-04-07T22:17:24","guid":{"rendered":"http:\/\/blogg.varldenidag.se\/musik\/?p=4157"},"modified":"2019-04-02T22:19:09","modified_gmt":"2019-04-02T20:19:09","slug":"spellistan-for-traningspasset-2","status":"publish","type":"post","link":"https:\/\/blogg.varldenidag.se\/musik\/spellistan-for-traningspasset-2\/","title":{"rendered":"Spellistan f\u00f6r tr\u00e4ningspasset!"},"content":{"rendered":"<p>\u00d6ka motivationen! Vi har skapat spellistan som hj\u00e4lper dig p\u00e5 gymmet, p\u00e5 promenaden eller p\u00e5 tr\u00e4ningspasset. En spellista fylld med sk\u00f6na beats och lika sk\u00f6na budskap. Klicka p\u00e5 l\u00e4nken f\u00f6r att f\u00f6lja!<\/p>\n<p>Psst\u2026 gl\u00f6m inte att s\u00f6ka upp\u00a0<strong>soundshine\u00a0<\/strong>p\u00e5 Spotify f\u00f6r en v\u00e4rld av spellistor!<\/p>\n<p><strong>Spotify-l\u00e4nk:\u00a0<\/strong>https:\/\/open.spotify.com\/user\/ik69lbz3bp6x9rfl5x29ofxkw\/playlist\/4cFtdbnQB7NzqUVAQip9yG?si=VBaI2shmR2C4Wk-2Afn1ZQ<\/p>\n<p>&nbsp;<\/p>\n","protected":false},"excerpt":{"rendered":"<p>\u00d6ka motivationen! Vi har skapat spellistan som hj\u00e4lper dig p\u00e5 gymmet, p\u00e5 promenaden eller p\u00e5 tr\u00e4ningspasset. En spellista fylld med sk\u00f6na beats och lika sk\u00f6na budskap. Klicka [&hellip;]<\/p>\n","protected":false},"author":15,"featured_media":0,"comment_status":"open","ping_status":"open","sticky":false,"template":"","format":"standard","meta":{"footnotes":"","_links_to":"","_links_to_target":""},"categories":[1],"tags":[],"class_list":["post-4157","post","type-post","status-publish","format-standard","hentry","category-musik"],"_links":{"self":[{"href":"https:\/\/blogg.varldenidag.se\/musik\/wp-json\/wp\/v2\/posts\/4157","targetHints":{"allow":["GET"]}}],"collection":[{"href":"https:\/\/blogg.varldenidag.se\/musik\/wp-json\/wp\/v2\/posts"}],"about":[{"href":"https:\/\/blogg.varldenidag.se\/musik\/wp-json\/wp\/v2\/types\/post"}],"author":[{"embeddable":true,"href":"https:\/\/blogg.varldenidag.se\/musik\/wp-json\/wp\/v2\/users\/15"}],"replies":[{"embeddable":true,"href":"https:\/\/blogg.varldenidag.se\/musik\/wp-json\/wp\/v2\/comments?post=4157"}],"version-history":[{"count":1,"href":"https:\/\/blogg.varldenidag.se\/musik\/wp-json\/wp\/v2\/posts\/4157\/revisions"}],"predecessor-version":[{"id":4158,"href":"https:\/\/blogg.varldenidag.se\/musik\/wp-json\/wp\/v2\/posts\/4157\/revisions\/4158"}],"wp:attachment":[{"href":"https:\/\/blogg.varldenidag.se\/musik\/wp-json\/wp\/v2\/media?parent=4157"}],"wp:term":[{"taxonomy":"category","embeddable":true,"href":"https:\/\/blogg.varldenidag.se\/musik\/wp-json\/wp\/v2\/categories?post=4157"},{"taxonomy":"post_tag","embeddable":true,"href":"https:\/\/blogg.varldenidag.se\/musik\/wp-json\/wp\/v2\/tags?post=4157"}],"curies":[{"name":"wp","href":"https:\/\/api.w.org\/{rel}","templated":true}]}}