{"id":4138,"date":"2019-04-07T00:10:03","date_gmt":"2019-04-06T22:10:03","guid":{"rendered":"http:\/\/blogg.varldenidag.se\/musik\/?p=4138"},"modified":"2019-03-19T22:11:41","modified_gmt":"2019-03-19T21:11:41","slug":"vacker-ballad-fran-obrien","status":"publish","type":"post","link":"https:\/\/blogg.varldenidag.se\/musik\/vacker-ballad-fran-obrien\/","title":{"rendered":"Vacker ballad fr\u00e5n O&#8217;Brien"},"content":{"rendered":"<p>F\u00f6r n\u00e5gra \u00e5r sedan medverkade\u00a0<strong>Joseph O&#8217;Brien\u00a0<\/strong>i den amerikanska talangjakten\u00a0<em>&#8221;America&#8217;s Got Talent&#8221; (<\/em>motsvarigheten till svenska Talang) d\u00e4r han tog sig vidare hela v\u00e4gen till kvartsfinal.<\/p>\n<p>Men utt\u00e5get ur den popul\u00e4ra talangjakten var sannolikt bara starten p\u00e5 en framg\u00e5ngsrik karri\u00e4r inom musiken.\u00a0<strong>O&#8217;Brien,\u00a0<\/strong>som har musiken i blodet d\u00e5 hans pappa tidigare var s\u00e5ngare i det kristna bandet\u00a0<strong>NewSong<\/strong>, har b\u00e5de en bra s\u00e5ngr\u00f6st och en v\u00e4lv\u00e4ssad l\u00e5tskrivarpenna. Det visar han tydligt p\u00e5 sin vackra ballad\u00a0<em>&#8221;The Average&#8221;\u00a0<\/em>som handlar om att f\u00f6lja Gud i b\u00e5de mot- och medg\u00e5ng. L\u00e5ten, som var en av de han t\u00e4vlade med i America&#8217;s Got Talent, \u00e4r riktigt bra och den kanske allra b\u00e4sta balladen just nu!<\/p>\n<p><strong>Spotify-l\u00e4nk:\u00a0<\/strong>https:\/\/open.spotify.com\/track\/6DIeP1QV1eQIztKfBDh8mC?si=ZBFe4d3iRqKB1sI-th0r8g<\/p>\n<div class=\"video-container\"><iframe loading=\"lazy\" title=\"THE AVERAGE - ORIGINAL SONG BY JOSEPH O&#039;BRIEN (AUDIO)\" width=\"500\" height=\"281\" src=\"https:\/\/www.youtube.com\/embed\/jQrK6aEau5g?feature=oembed\" frameborder=\"0\" allow=\"accelerometer; autoplay; clipboard-write; encrypted-media; gyroscope; picture-in-picture; web-share\" referrerpolicy=\"strict-origin-when-cross-origin\" allowfullscreen><\/iframe><\/div>\n","protected":false},"excerpt":{"rendered":"<p>F\u00f6r n\u00e5gra \u00e5r sedan medverkade\u00a0Joseph O&#8217;Brien\u00a0i den amerikanska talangjakten\u00a0&#8221;America&#8217;s Got Talent&#8221; (motsvarigheten till svenska Talang) d\u00e4r han tog sig vidare hela v\u00e4gen till kvartsfinal. Men utt\u00e5get ur [&hellip;]<\/p>\n","protected":false},"author":15,"featured_media":0,"comment_status":"open","ping_status":"open","sticky":false,"template":"","format":"standard","meta":{"footnotes":"","_links_to":"","_links_to_target":""},"categories":[1],"tags":[],"class_list":["post-4138","post","type-post","status-publish","format-standard","hentry","category-musik"],"_links":{"self":[{"href":"https:\/\/blogg.varldenidag.se\/musik\/wp-json\/wp\/v2\/posts\/4138","targetHints":{"allow":["GET"]}}],"collection":[{"href":"https:\/\/blogg.varldenidag.se\/musik\/wp-json\/wp\/v2\/posts"}],"about":[{"href":"https:\/\/blogg.varldenidag.se\/musik\/wp-json\/wp\/v2\/types\/post"}],"author":[{"embeddable":true,"href":"https:\/\/blogg.varldenidag.se\/musik\/wp-json\/wp\/v2\/users\/15"}],"replies":[{"embeddable":true,"href":"https:\/\/blogg.varldenidag.se\/musik\/wp-json\/wp\/v2\/comments?post=4138"}],"version-history":[{"count":1,"href":"https:\/\/blogg.varldenidag.se\/musik\/wp-json\/wp\/v2\/posts\/4138\/revisions"}],"predecessor-version":[{"id":4139,"href":"https:\/\/blogg.varldenidag.se\/musik\/wp-json\/wp\/v2\/posts\/4138\/revisions\/4139"}],"wp:attachment":[{"href":"https:\/\/blogg.varldenidag.se\/musik\/wp-json\/wp\/v2\/media?parent=4138"}],"wp:term":[{"taxonomy":"category","embeddable":true,"href":"https:\/\/blogg.varldenidag.se\/musik\/wp-json\/wp\/v2\/categories?post=4138"},{"taxonomy":"post_tag","embeddable":true,"href":"https:\/\/blogg.varldenidag.se\/musik\/wp-json\/wp\/v2\/tags?post=4138"}],"curies":[{"name":"wp","href":"https:\/\/api.w.org\/{rel}","templated":true}]}}