{"id":4136,"date":"2019-04-05T00:49:38","date_gmt":"2019-04-04T22:49:38","guid":{"rendered":"http:\/\/blogg.varldenidag.se\/musik\/?p=4136"},"modified":"2019-03-19T22:02:10","modified_gmt":"2019-03-19T21:02:10","slug":"skont-gung-fran-atlanta","status":"publish","type":"post","link":"https:\/\/blogg.varldenidag.se\/musik\/skont-gung-fran-atlanta\/","title":{"rendered":"Sk\u00f6nt gung fr\u00e5n Atlanta"},"content":{"rendered":"<p>Det \u00e4r dags att h\u00f6ja volymen och sl\u00e4ppa loss! Atlanta-baserade producenten och hiphoparen\u00a0<strong>Da Shepherd Boy\u00a0<\/strong>\u00e4r n\u00e4mligen en riktig fena p\u00e5 att skapa festst\u00e4mning. Ifjol bj\u00f6d han p\u00e5 sk\u00f6na\u00a0<em>&#8221;Church Flow&#8221;,\u00a0<\/em>men den h\u00e4r g\u00e5ngen har han skruvat upp k\u00e4nslan och gunget ytterligare i nya\u00a0<i>&#8221;Praise On&#8221;.\u00a0<\/i><\/p>\n<div class=\"x-el x-el-p px_-overflow-wrap-break-word px_-word-wrap-break-word px_-word-break-break-word px_-c-rgb94__94__94 px_-fs-16 px_-fw-400 px_-lh-1p5 px_-mt-0 px_-mb-0 px_-ff-_Source_Sans_Pro___sans-serif px__CA_p_CA_ol-text-align-left px__CA_p_CA_ol-d-inline-block px__CA_p_CA_ol-pl-1p3em px__CA_p_CA_ol-ml-30px px__CA_p_CA_ol-mr-30px px__CA_p_CA_ul-text-align-left px__CA_p_CA_ul-d-inline-block px__CA_p_CA_ul-pl-1p3em px__CA_p_CA_ul-ml-30px px__CA_p_CA_ul-mr-30px px__CA_ul-text-align-left px__CA_ul-d-inline-block px__CA_ul-pl-1p3em px__CA_ul-ml-30px px__CA_ul-mr-30px px__CA_ol-text-align-left px__CA_ol-d-inline-block px__CA_ol-pl-1p3em px__CA_ol-ml-30px px__CA_ol-mr-30px _mdpx_-fs-16 _lgpx_-fs-16 x-d-ux x-d-aid x-d-route x-rt\">\n<p><strong>Da Shepherd Boy<\/strong>\u00a0v\u00e4xlar vardagen mellan ett jobb som ungdomspastor i en kyrka i Atlanta med att turnera som artist f\u00f6r att inspirera och motivera b\u00e5de troende och icke-troende i alla \u00e5ldrar genom sin musik. Helt klart \u00e4r att\u00a0<em>&#8221;Praise On&#8221;\u00a0<\/em>\u00e4r sv\u00e5r att motst\u00e5 och sv\u00e5r att sitta still till &#8211; oavsett om du normalt \u00e4r en slukare av hiphop eller inte. Missa icke!<\/p>\n<p><strong>Spotify-l\u00e4nk:\u00a0<\/strong>https:\/\/open.spotify.com\/track\/69oR5W5REuIaXM34f8GS6b?si=DRpPRfagS3iFo5fxqx4AsQ<\/p>\n<div class=\"video-container\"><iframe loading=\"lazy\" title=\"Praise On\" width=\"500\" height=\"375\" src=\"https:\/\/www.youtube.com\/embed\/af7DlLczkX8?feature=oembed\" frameborder=\"0\" allow=\"accelerometer; autoplay; clipboard-write; encrypted-media; gyroscope; picture-in-picture; web-share\" referrerpolicy=\"strict-origin-when-cross-origin\" allowfullscreen><\/iframe><\/div>\n<\/div>\n","protected":false},"excerpt":{"rendered":"<p>Det \u00e4r dags att h\u00f6ja volymen och sl\u00e4ppa loss! Atlanta-baserade producenten och hiphoparen\u00a0Da Shepherd Boy\u00a0\u00e4r n\u00e4mligen en riktig fena p\u00e5 att skapa festst\u00e4mning. Ifjol bj\u00f6d han p\u00e5 [&hellip;]<\/p>\n","protected":false},"author":15,"featured_media":0,"comment_status":"open","ping_status":"open","sticky":false,"template":"","format":"standard","meta":{"footnotes":"","_links_to":"","_links_to_target":""},"categories":[1],"tags":[],"class_list":["post-4136","post","type-post","status-publish","format-standard","hentry","category-musik"],"_links":{"self":[{"href":"https:\/\/blogg.varldenidag.se\/musik\/wp-json\/wp\/v2\/posts\/4136","targetHints":{"allow":["GET"]}}],"collection":[{"href":"https:\/\/blogg.varldenidag.se\/musik\/wp-json\/wp\/v2\/posts"}],"about":[{"href":"https:\/\/blogg.varldenidag.se\/musik\/wp-json\/wp\/v2\/types\/post"}],"author":[{"embeddable":true,"href":"https:\/\/blogg.varldenidag.se\/musik\/wp-json\/wp\/v2\/users\/15"}],"replies":[{"embeddable":true,"href":"https:\/\/blogg.varldenidag.se\/musik\/wp-json\/wp\/v2\/comments?post=4136"}],"version-history":[{"count":1,"href":"https:\/\/blogg.varldenidag.se\/musik\/wp-json\/wp\/v2\/posts\/4136\/revisions"}],"predecessor-version":[{"id":4137,"href":"https:\/\/blogg.varldenidag.se\/musik\/wp-json\/wp\/v2\/posts\/4136\/revisions\/4137"}],"wp:attachment":[{"href":"https:\/\/blogg.varldenidag.se\/musik\/wp-json\/wp\/v2\/media?parent=4136"}],"wp:term":[{"taxonomy":"category","embeddable":true,"href":"https:\/\/blogg.varldenidag.se\/musik\/wp-json\/wp\/v2\/categories?post=4136"},{"taxonomy":"post_tag","embeddable":true,"href":"https:\/\/blogg.varldenidag.se\/musik\/wp-json\/wp\/v2\/tags?post=4136"}],"curies":[{"name":"wp","href":"https:\/\/api.w.org\/{rel}","templated":true}]}}