{"id":4134,"date":"2019-04-03T00:39:27","date_gmt":"2019-04-02T22:39:27","guid":{"rendered":"http:\/\/blogg.varldenidag.se\/musik\/?p=4134"},"modified":"2019-11-20T10:03:40","modified_gmt":"2019-11-20T09:03:40","slug":"rap-fran-sollentuna-med-sylvassa-texter","status":"publish","type":"post","link":"https:\/\/blogg.varldenidag.se\/musik\/rap-fran-sollentuna-med-sylvassa-texter\/","title":{"rendered":"Rap fr\u00e5n Sollentuna med sylvassa texter"},"content":{"rendered":"<p>Blanda\u00a0<strong>Kapten R\u00f6d\u00a0<\/strong>och\u00a0<strong>Sebastian Stakset\u00a0<\/strong>s\u00e5 kan du gissa ungef\u00e4r hur svenska\u00a0<strong>Dajja\u00a0<\/strong>l\u00e5ter. Bakom namnet d\u00f6ljer sig\u00a0<strong>Daniel Fred,\u00a0<\/strong>en 32-\u00e5rig kille fr\u00e5n Sollentuna som mixar rap och reggae p\u00e5 ett bl\u00e4ndande s\u00e4tt.<\/p>\n<p><strong>Dajja\u00a0<\/strong>har h\u00e5llit p\u00e5 med musik \u00e4nda sedan unga ton\u00e5ren, men det var f\u00f6rst n\u00e4r han blev r\u00e4ddad fr\u00e5n missbruk och demoner av Guds n\u00e5d som hans musik fick ett syfte; att sprida vidare budskapet om hopp och tro och att det finns en v\u00e4g till k\u00e4rleken \u00e4ven n\u00e4r det verkar som m\u00f6rkast &#8211; den v\u00e4gen \u00e4r genom Jesus,.<\/p>\n<p>Nu har\u00a0<strong>Dajja\u00a0<\/strong>sl\u00e4ppt EP:n\u00a0<em>&#8221;Tacksam&#8221;\u00a0<\/em>d\u00e4r han g\u00e5r p\u00e5 knock genom sina sylvassa texter om tro, hopp, b\u00f6ner och Gud. Det \u00e4r inspirerande texter fyllda av budskap som alla borde f\u00e5 h\u00f6ra. Men lika p\u00e5tagligt \u00e4r hans grymma talang att rappa, sjunga och skapa sk\u00f6na beats. Missa inte denna svenska release!<\/p>\n<p><strong>Spotify-l\u00e4nk:\u00a0<\/strong><a href=\"https:\/\/open.spotify.com\/track\/1I849rtAvaYlPH7fy6fY4b?si=q91EiJecTQWrNxtVTTTA9Q\">https:\/\/open.spotify.com\/track\/1I849rtAvaYlPH7fy6fY4b?si=q91EiJecTQWrNxtVTTTA9Q<\/a><\/p>\n<div class=\"video-container\"><iframe loading=\"lazy\" title=\"Jag ber f\u00f6r oss\" width=\"500\" height=\"375\" src=\"https:\/\/www.youtube.com\/embed\/BlsrNGdErgA?feature=oembed\" frameborder=\"0\" allow=\"accelerometer; autoplay; clipboard-write; encrypted-media; gyroscope; picture-in-picture; web-share\" referrerpolicy=\"strict-origin-when-cross-origin\" allowfullscreen><\/iframe><\/div>\n","protected":false},"excerpt":{"rendered":"<p>Blanda\u00a0Kapten R\u00f6d\u00a0och\u00a0Sebastian Stakset\u00a0s\u00e5 kan du gissa ungef\u00e4r hur svenska\u00a0Dajja\u00a0l\u00e5ter. Bakom namnet d\u00f6ljer sig\u00a0Daniel Fred,\u00a0en 32-\u00e5rig kille fr\u00e5n Sollentuna som mixar rap och reggae p\u00e5 ett bl\u00e4ndande s\u00e4tt. [&hellip;]<\/p>\n","protected":false},"author":15,"featured_media":0,"comment_status":"open","ping_status":"open","sticky":false,"template":"","format":"standard","meta":{"footnotes":"","_links_to":"","_links_to_target":""},"categories":[1],"tags":[],"class_list":["post-4134","post","type-post","status-publish","format-standard","hentry","category-musik"],"_links":{"self":[{"href":"https:\/\/blogg.varldenidag.se\/musik\/wp-json\/wp\/v2\/posts\/4134","targetHints":{"allow":["GET"]}}],"collection":[{"href":"https:\/\/blogg.varldenidag.se\/musik\/wp-json\/wp\/v2\/posts"}],"about":[{"href":"https:\/\/blogg.varldenidag.se\/musik\/wp-json\/wp\/v2\/types\/post"}],"author":[{"embeddable":true,"href":"https:\/\/blogg.varldenidag.se\/musik\/wp-json\/wp\/v2\/users\/15"}],"replies":[{"embeddable":true,"href":"https:\/\/blogg.varldenidag.se\/musik\/wp-json\/wp\/v2\/comments?post=4134"}],"version-history":[{"count":2,"href":"https:\/\/blogg.varldenidag.se\/musik\/wp-json\/wp\/v2\/posts\/4134\/revisions"}],"predecessor-version":[{"id":4575,"href":"https:\/\/blogg.varldenidag.se\/musik\/wp-json\/wp\/v2\/posts\/4134\/revisions\/4575"}],"wp:attachment":[{"href":"https:\/\/blogg.varldenidag.se\/musik\/wp-json\/wp\/v2\/media?parent=4134"}],"wp:term":[{"taxonomy":"category","embeddable":true,"href":"https:\/\/blogg.varldenidag.se\/musik\/wp-json\/wp\/v2\/categories?post=4134"},{"taxonomy":"post_tag","embeddable":true,"href":"https:\/\/blogg.varldenidag.se\/musik\/wp-json\/wp\/v2\/tags?post=4134"}],"curies":[{"name":"wp","href":"https:\/\/api.w.org\/{rel}","templated":true}]}}