{"id":3923,"date":"2018-11-18T00:11:31","date_gmt":"2018-11-17T23:11:31","guid":{"rendered":"http:\/\/blogg.varldenidag.se\/musik\/?p=3923"},"modified":"2018-11-23T18:15:45","modified_gmt":"2018-11-23T17:15:45","slug":"by-grace-slapper-nytt","status":"publish","type":"post","link":"https:\/\/blogg.varldenidag.se\/musik\/by-grace-slapper-nytt\/","title":{"rendered":"By Grace sl\u00e4pper nytt"},"content":{"rendered":"<p>Alla som har sett Stockholmsbaserade gospelk\u00f6ren\u00a0<strong>By Grace\u00a0<\/strong>live vet vilken h\u00f6g niv\u00e5 den h\u00e4r k\u00f6ren st\u00e4ndigt levererar p\u00e5. Nu har k\u00f6ren f\u00f6r sj\u00e4tte g\u00e5ngen samlat ihop den k\u00e4nslan i studioform och sl\u00e4ppt p\u00e5 skiva \u2013 och det l\u00e5ter hur bra som helst.<\/p>\n<p>Det \u00e4r tight, sv\u00e4ngigt och proffsigt rakt igenom \u2013 s\u00e5v\u00e4l s\u00e5nginsatser som musikaliskt. Och det \u00e4r s\u00e5d\u00e4r oemotst\u00e5ndligt sv\u00e4ngigt som bara gospel kan vara. Vi \u00e4lskar l\u00e5tar som\u00a0<em>&#8221;Great God Great Praise&#8221;\u00a0<\/em>och\u00a0<em>&#8221;Expect The Great&#8221;\u00a0<\/em>och att amerikanska gospelesset\u00a0<strong>Jonathan Nelson\u00a0<\/strong>kryddat med sin n\u00e4rvaro p\u00e5 skivan g\u00f6r inte saken s\u00e4mre. Ett m\u00e5ste f\u00f6r alla gospel\u00e4lskare d\u00e4rute!<\/p>\n<p><strong>Spotify-l\u00e4nk:\u00a0<\/strong><a href=\"https:\/\/open.spotify.com\/album\/7kAqfQDxakeLpVdXR66hFc?si=ifoFLmCARV2mKkRPdRuWZQ\">https:\/\/open.spotify.com\/album\/7kAqfQDxakeLpVdXR66hFc?si=ifoFLmCARV2mKkRPdRuWZQ<\/a><a href=\"https:\/\/glowingvibe.files.wordpress.com\/2018\/11\/shoutuntogod.jpg\"><img loading=\"lazy\" decoding=\"async\" class=\"size-medium wp-image-3319 aligncenter\" src=\"https:\/\/glowingvibe.files.wordpress.com\/2018\/11\/shoutuntogod.jpg?w=300\" alt=\"\" width=\"300\" height=\"295\" \/><\/a><\/p>\n","protected":false},"excerpt":{"rendered":"<p>Alla som har sett Stockholmsbaserade gospelk\u00f6ren\u00a0By Grace\u00a0live vet vilken h\u00f6g niv\u00e5 den h\u00e4r k\u00f6ren st\u00e4ndigt levererar p\u00e5. Nu har k\u00f6ren f\u00f6r sj\u00e4tte g\u00e5ngen samlat ihop den k\u00e4nslan [&hellip;]<\/p>\n","protected":false},"author":15,"featured_media":0,"comment_status":"open","ping_status":"open","sticky":false,"template":"","format":"standard","meta":{"footnotes":"","_links_to":"","_links_to_target":""},"categories":[1],"tags":[],"class_list":["post-3923","post","type-post","status-publish","format-standard","hentry","category-musik"],"_links":{"self":[{"href":"https:\/\/blogg.varldenidag.se\/musik\/wp-json\/wp\/v2\/posts\/3923","targetHints":{"allow":["GET"]}}],"collection":[{"href":"https:\/\/blogg.varldenidag.se\/musik\/wp-json\/wp\/v2\/posts"}],"about":[{"href":"https:\/\/blogg.varldenidag.se\/musik\/wp-json\/wp\/v2\/types\/post"}],"author":[{"embeddable":true,"href":"https:\/\/blogg.varldenidag.se\/musik\/wp-json\/wp\/v2\/users\/15"}],"replies":[{"embeddable":true,"href":"https:\/\/blogg.varldenidag.se\/musik\/wp-json\/wp\/v2\/comments?post=3923"}],"version-history":[{"count":2,"href":"https:\/\/blogg.varldenidag.se\/musik\/wp-json\/wp\/v2\/posts\/3923\/revisions"}],"predecessor-version":[{"id":3949,"href":"https:\/\/blogg.varldenidag.se\/musik\/wp-json\/wp\/v2\/posts\/3923\/revisions\/3949"}],"wp:attachment":[{"href":"https:\/\/blogg.varldenidag.se\/musik\/wp-json\/wp\/v2\/media?parent=3923"}],"wp:term":[{"taxonomy":"category","embeddable":true,"href":"https:\/\/blogg.varldenidag.se\/musik\/wp-json\/wp\/v2\/categories?post=3923"},{"taxonomy":"post_tag","embeddable":true,"href":"https:\/\/blogg.varldenidag.se\/musik\/wp-json\/wp\/v2\/tags?post=3923"}],"curies":[{"name":"wp","href":"https:\/\/api.w.org\/{rel}","templated":true}]}}