{"id":3919,"date":"2018-11-25T00:52:41","date_gmt":"2018-11-24T23:52:41","guid":{"rendered":"http:\/\/blogg.varldenidag.se\/musik\/?p=3919"},"modified":"2018-11-23T18:13:03","modified_gmt":"2018-11-23T17:13:03","slug":"matthew-parker-drar-igang-festen","status":"publish","type":"post","link":"https:\/\/blogg.varldenidag.se\/musik\/matthew-parker-drar-igang-festen\/","title":{"rendered":"Matthew Parker drar ig\u00e5ng festen"},"content":{"rendered":"<p>Amerikanska producenten och DJ:n\u00a0<strong>Matthew Parker\u00a0<\/strong>\u00e4r en stor talang med en v\u00e4xande skara fans, men \u00e4r fortfarande antagligen t\u00e4mligen ok\u00e4nd f\u00f6r m\u00e5nga. De d\u00e4r riktigt stora framg\u00e5ngarna har uteblivit (\u00e4ven om jag personligen inte minst minns hans briljanta samarbete med\u00a0<strong>Chris Howland\u00a0<\/strong>p\u00e5 l\u00e5ten\u00a0<em>&#8221;I&#8217;ll Remember This&#8221;\u00a0<\/em>fr\u00e5n ifjol), men kanske \u00e4r det p\u00e5 v\u00e4g att \u00e4ndras.<\/p>\n<p>Hans fj\u00e4rde skiva (via bolag) \u00e4r n\u00e4mligen h\u00e4r \u2013 och det \u00e4r en skiva d\u00e4r\u00a0<strong>Matthew\u00a0<\/strong>forts\u00e4tter visa upp sitt register av &#8221;skills&#8221; n\u00e4r det kommer att skapa musik. Han kan traska runt b\u00e5de i poplandskap och r\u00f6ra sig in p\u00e5 EDM-stigar, men lyckas bra var han \u00e4n hamnar. Allra mest fr\u00e5n nya skivan\u00a0<em>&#8221;Daydreamer&#8221;\u00a0<\/em>gillar vi den oemotst\u00e5ndliga danced\u00e4ngan\u00a0<em>&#8221;Good Memories&#8221;\u00a0<\/em>som \u00e4ter sig fast i dina \u00f6ron och f\u00e5r slingan i l\u00e5ten att upprepas inne i ditt huvud. Gillar&#8217;t!<\/p>\n<p><strong>Spotify-l\u00e4nk:\u00a0<\/strong><a href=\"https:\/\/open.spotify.com\/track\/3JrWuJlHEU2itCSctoDhb4?si=O7P3j9lwS-ugCzHgrN0seQ\">https:\/\/open.spotify.com\/track\/3JrWuJlHEU2itCSctoDhb4?si=O7P3j9lwS-ugCzHgrN0seQ<\/a><\/p>\n<div class=\"video-container\"><iframe loading=\"lazy\" title=\"Matthew Parker - &quot;Good Memories&quot;\" width=\"500\" height=\"281\" src=\"https:\/\/www.youtube.com\/embed\/toL2vY50Yes?feature=oembed\" frameborder=\"0\" allow=\"accelerometer; autoplay; clipboard-write; encrypted-media; gyroscope; picture-in-picture; web-share\" referrerpolicy=\"strict-origin-when-cross-origin\" allowfullscreen><\/iframe><\/div>\n","protected":false},"excerpt":{"rendered":"<p>Amerikanska producenten och DJ:n\u00a0Matthew Parker\u00a0\u00e4r en stor talang med en v\u00e4xande skara fans, men \u00e4r fortfarande antagligen t\u00e4mligen ok\u00e4nd f\u00f6r m\u00e5nga. De d\u00e4r riktigt stora framg\u00e5ngarna har [&hellip;]<\/p>\n","protected":false},"author":15,"featured_media":0,"comment_status":"open","ping_status":"open","sticky":false,"template":"","format":"standard","meta":{"footnotes":"","_links_to":"","_links_to_target":""},"categories":[1],"tags":[],"class_list":["post-3919","post","type-post","status-publish","format-standard","hentry","category-musik"],"_links":{"self":[{"href":"https:\/\/blogg.varldenidag.se\/musik\/wp-json\/wp\/v2\/posts\/3919","targetHints":{"allow":["GET"]}}],"collection":[{"href":"https:\/\/blogg.varldenidag.se\/musik\/wp-json\/wp\/v2\/posts"}],"about":[{"href":"https:\/\/blogg.varldenidag.se\/musik\/wp-json\/wp\/v2\/types\/post"}],"author":[{"embeddable":true,"href":"https:\/\/blogg.varldenidag.se\/musik\/wp-json\/wp\/v2\/users\/15"}],"replies":[{"embeddable":true,"href":"https:\/\/blogg.varldenidag.se\/musik\/wp-json\/wp\/v2\/comments?post=3919"}],"version-history":[{"count":2,"href":"https:\/\/blogg.varldenidag.se\/musik\/wp-json\/wp\/v2\/posts\/3919\/revisions"}],"predecessor-version":[{"id":3944,"href":"https:\/\/blogg.varldenidag.se\/musik\/wp-json\/wp\/v2\/posts\/3919\/revisions\/3944"}],"wp:attachment":[{"href":"https:\/\/blogg.varldenidag.se\/musik\/wp-json\/wp\/v2\/media?parent=3919"}],"wp:term":[{"taxonomy":"category","embeddable":true,"href":"https:\/\/blogg.varldenidag.se\/musik\/wp-json\/wp\/v2\/categories?post=3919"},{"taxonomy":"post_tag","embeddable":true,"href":"https:\/\/blogg.varldenidag.se\/musik\/wp-json\/wp\/v2\/tags?post=3919"}],"curies":[{"name":"wp","href":"https:\/\/api.w.org\/{rel}","templated":true}]}}