{"id":1165,"date":"2013-02-03T08:00:34","date_gmt":"2013-02-03T07:00:34","guid":{"rendered":"http:\/\/blogg.varldenidag.se\/musik\/?p=1165"},"modified":"2013-02-03T21:16:30","modified_gmt":"2013-02-03T20:16:30","slug":"terese-fredenwall-i-sa-ska-det-lata","status":"publish","type":"post","link":"https:\/\/blogg.varldenidag.se\/musik\/terese-fredenwall-i-sa-ska-det-lata\/","title":{"rendered":"Terese Fredenwall i S\u00e5 ska det l\u00e5ta"},"content":{"rendered":"<p>Ikv\u00e4ll klockan 20.00 medverkar<strong> Terese Fredenwall<\/strong> i <em>S\u00e5 ska det l\u00e5ta<\/em> (i SVT1). Hon kommer att t\u00e4vla tillsammans med<strong> Tommy Nilsson<\/strong>. H\u00e4r \u00e4r ett klipp fr\u00e5n uppladdningen inf\u00f6r inspelningen av programmet.<\/p>\n<p>UPPDATERING: <a href=\"http:\/\/www.svtplay.se\/sa-ska-det-lata\/?tab=undefined&amp;sida=1\" target=\"_blank\">Klicka h\u00e4r f\u00f6r att se programmet i SVT Play<\/a><\/p>\n","protected":false},"excerpt":{"rendered":"<p>Ikv\u00e4ll klockan 20.00 medverkar Terese Fredenwall i S\u00e5 ska det l\u00e5ta (i SVT1). Hon kommer att t\u00e4vla tillsammans med Tommy Nilsson. H\u00e4r \u00e4r ett klipp fr\u00e5n uppladdningen [&hellip;]<\/p>\n","protected":false},"author":14,"featured_media":1167,"comment_status":"open","ping_status":"open","sticky":false,"template":"","format":"standard","meta":{"footnotes":"","_links_to":"","_links_to_target":""},"categories":[1],"tags":[86],"class_list":["post-1165","post","type-post","status-publish","format-standard","has-post-thumbnail","hentry","category-musik","tag-terese-fredenwall"],"_links":{"self":[{"href":"https:\/\/blogg.varldenidag.se\/musik\/wp-json\/wp\/v2\/posts\/1165","targetHints":{"allow":["GET"]}}],"collection":[{"href":"https:\/\/blogg.varldenidag.se\/musik\/wp-json\/wp\/v2\/posts"}],"about":[{"href":"https:\/\/blogg.varldenidag.se\/musik\/wp-json\/wp\/v2\/types\/post"}],"author":[{"embeddable":true,"href":"https:\/\/blogg.varldenidag.se\/musik\/wp-json\/wp\/v2\/users\/14"}],"replies":[{"embeddable":true,"href":"https:\/\/blogg.varldenidag.se\/musik\/wp-json\/wp\/v2\/comments?post=1165"}],"version-history":[{"count":8,"href":"https:\/\/blogg.varldenidag.se\/musik\/wp-json\/wp\/v2\/posts\/1165\/revisions"}],"predecessor-version":[{"id":1177,"href":"https:\/\/blogg.varldenidag.se\/musik\/wp-json\/wp\/v2\/posts\/1165\/revisions\/1177"}],"wp:featuredmedia":[{"embeddable":true,"href":"https:\/\/blogg.varldenidag.se\/musik\/wp-json\/wp\/v2\/media\/1167"}],"wp:attachment":[{"href":"https:\/\/blogg.varldenidag.se\/musik\/wp-json\/wp\/v2\/media?parent=1165"}],"wp:term":[{"taxonomy":"category","embeddable":true,"href":"https:\/\/blogg.varldenidag.se\/musik\/wp-json\/wp\/v2\/categories?post=1165"},{"taxonomy":"post_tag","embeddable":true,"href":"https:\/\/blogg.varldenidag.se\/musik\/wp-json\/wp\/v2\/tags?post=1165"}],"curies":[{"name":"wp","href":"https:\/\/api.w.org\/{rel}","templated":true}]}}