{"id":964,"date":"2012-12-01T21:06:41","date_gmt":"2012-12-01T20:06:41","guid":{"rendered":"http:\/\/blogg.varldenidag.se\/musik\/?p=964"},"modified":"2012-12-04T19:54:20","modified_gmt":"2012-12-04T18:54:20","slug":"missa-inte-denna-julskiva","status":"publish","type":"post","link":"http:\/\/blogg.varldenidag.se\/musik\/missa-inte-denna-julskiva\/","title":{"rendered":"Missa inte denna julskiva!"},"content":{"rendered":"<p>I g\u00e5rdagens tidning skrev jag om solocellisten <strong>Annika Blomfeldts<\/strong> julskiva <em>D\u00e4r i Betlehem<\/em> som har sl\u00e4ppts idag. M\u00e5ste s\u00e4ga att jag blev riktigt r\u00f6rd n\u00e4r jag gick ut lyssnade p\u00e5 l\u00e5tsnuttarna i ovanst\u00e5ende Youtube-klipp. Det k\u00e4nns s\u00e5 \u00e4kta och innerligt. Och ov\u00e4ntat att det kommer fr\u00e5n en artist som \u00e4r s\u00e5 gott som ok\u00e4nd som s\u00e5ngare.<\/p>\n<p>Bara det faktum att Annika har skrivit tio nya juls\u00e5nger \u00e4r ju fantastiskt. Och dessa h\u00e5ller dessutom h\u00f6g klass. Vissa har potential att bli nya julklassiker.<\/p>\n<p>Annika har en minst sagt gedigen musikutbildning i ryggen (\u00e5tta \u00e5r p\u00e5 skolor i Falun, K\u00f6penhamn, Stockholm och London). Hon har d\u00e4refter spelat med stora delar av Sveriges artistelit, b\u00e5de som studio- och livemusiker.<\/p>\n<p>Sj\u00e4lvklart har str\u00e5karrangemangen (skrivna av henne sj\u00e4lv) en given plats p\u00e5 skivan. \u00c4ven \u00f6vrig instrumentering k\u00e4nns genomarbetat och dessutom framf\u00f6rd av en knippe duktiga musiker. Dessa \u00e4r: <strong>Johan Franzon<\/strong> (trummor \u2013 har spelat i Idol, med Carola, Tomas Ledin och i princip hela artisteliten), <strong>Hans &#8221;Hasse&#8221; Lindberg<\/strong> (elbas, kontrabas), <strong>Lars &#8221;Tarzan&#8221; Gustavsson<\/strong> (elgitarr) och <strong>Maria Samuelsson<\/strong> (piano, s\u00e5ng, fiol). Skivan har mixats av <strong>Jouni Niemi<\/strong> (Idol, S\u00e5 mycket b\u00e4ttre).<\/p>\n<p>Skivan passar, tack vare att den \u00e4r s\u00e5 varierad, in i vilket svenskt hem som helst.<br \/>\nS\u00e5 missa inte denna p\u00e4rla!<\/p>\n","protected":false},"excerpt":{"rendered":"<p>I g\u00e5rdagens tidning skrev jag om solocellisten Annika Blomfeldts julskiva D\u00e4r i Betlehem som har sl\u00e4ppts idag. M\u00e5ste s\u00e4ga att jag blev riktigt r\u00f6rd n\u00e4r jag gick [&hellip;]<\/p>\n","protected":false},"author":14,"featured_media":966,"comment_status":"open","ping_status":"open","sticky":false,"template":"","format":"standard","meta":{"footnotes":"","_links_to":"","_links_to_target":""},"categories":[1],"tags":[232,234,233,237,214,235,236],"class_list":["post-964","post","type-post","status-publish","format-standard","has-post-thumbnail","hentry","category-musik","tag-annika-blomfeldt","tag-hans-hasse-lindberg","tag-johan-franzon","tag-jouni-niemi","tag-jul","tag-lars-tarzan-gustavsson","tag-maria-samuelsson"],"_links":{"self":[{"href":"http:\/\/blogg.varldenidag.se\/musik\/wp-json\/wp\/v2\/posts\/964","targetHints":{"allow":["GET"]}}],"collection":[{"href":"http:\/\/blogg.varldenidag.se\/musik\/wp-json\/wp\/v2\/posts"}],"about":[{"href":"http:\/\/blogg.varldenidag.se\/musik\/wp-json\/wp\/v2\/types\/post"}],"author":[{"embeddable":true,"href":"http:\/\/blogg.varldenidag.se\/musik\/wp-json\/wp\/v2\/users\/14"}],"replies":[{"embeddable":true,"href":"http:\/\/blogg.varldenidag.se\/musik\/wp-json\/wp\/v2\/comments?post=964"}],"version-history":[{"count":10,"href":"http:\/\/blogg.varldenidag.se\/musik\/wp-json\/wp\/v2\/posts\/964\/revisions"}],"predecessor-version":[{"id":981,"href":"http:\/\/blogg.varldenidag.se\/musik\/wp-json\/wp\/v2\/posts\/964\/revisions\/981"}],"wp:featuredmedia":[{"embeddable":true,"href":"http:\/\/blogg.varldenidag.se\/musik\/wp-json\/wp\/v2\/media\/966"}],"wp:attachment":[{"href":"http:\/\/blogg.varldenidag.se\/musik\/wp-json\/wp\/v2\/media?parent=964"}],"wp:term":[{"taxonomy":"category","embeddable":true,"href":"http:\/\/blogg.varldenidag.se\/musik\/wp-json\/wp\/v2\/categories?post=964"},{"taxonomy":"post_tag","embeddable":true,"href":"http:\/\/blogg.varldenidag.se\/musik\/wp-json\/wp\/v2\/tags?post=964"}],"curies":[{"name":"wp","href":"https:\/\/api.w.org\/{rel}","templated":true}]}}