{"id":952,"date":"2012-11-29T12:07:32","date_gmt":"2012-11-29T11:07:32","guid":{"rendered":"http:\/\/blogg.varldenidag.se\/musik\/?p=952"},"modified":"2012-11-29T12:07:32","modified_gmt":"2012-11-29T11:07:32","slug":"musik-med-ruben-agnarsson","status":"publish","type":"post","link":"http:\/\/blogg.varldenidag.se\/musik\/musik-med-ruben-agnarsson\/","title":{"rendered":"Musik med Ruben Agnarsson"},"content":{"rendered":"<p><a href=\"http:\/\/blogg.varldenidag.se\/musik\/files\/2012\/11\/cd-omslag_rubenagnarsson.jpg\"><img loading=\"lazy\" decoding=\"async\" class=\"alignright  wp-image-953\" src=\"http:\/\/blogg.varldenidag.se\/musik\/files\/2012\/11\/cd-omslag_rubenagnarsson-1024x926.jpg\" alt=\"\" width=\"197\" height=\"177\" srcset=\"http:\/\/blogg.varldenidag.se\/musik\/files\/2012\/11\/cd-omslag_rubenagnarsson-1024x926.jpg 1024w, http:\/\/blogg.varldenidag.se\/musik\/files\/2012\/11\/cd-omslag_rubenagnarsson-300x271.jpg 300w, http:\/\/blogg.varldenidag.se\/musik\/files\/2012\/11\/cd-omslag_rubenagnarsson.jpg 1666w\" sizes=\"auto, (max-width: 197px) 100vw, 197px\" \/><\/a><strong>Ruben Agnarsson<\/strong>, som var med och startade v\u00e5r tidning, har i h\u00f6st l\u00e5tit sin artistiska sida komma fram. Han har n\u00e4mligen spelat in en EP med psalmer och visor p\u00e5 svenska och norska. Man kan bland annat h\u00f6ra honom tolka psalmen \u201dNavnet Jesus\u201d och Ingemar Johanssons \u201dAlltid p\u00e5 v\u00e4g\u201d.<\/p>\n<p>Producent och arrang\u00f6r f\u00f6r skivan \u00e4r <strong>Stig Lindell<\/strong> (Thore Skogman, Christer Sj\u00f6gren, Arja Saijonmaa).<\/p>\n","protected":false},"excerpt":{"rendered":"<p>Ruben Agnarsson, som var med och startade v\u00e5r tidning, har i h\u00f6st l\u00e5tit sin artistiska sida komma fram. Han har n\u00e4mligen spelat in en EP med psalmer [&hellip;]<\/p>\n","protected":false},"author":14,"featured_media":953,"comment_status":"open","ping_status":"open","sticky":false,"template":"","format":"standard","meta":{"footnotes":"","_links_to":"","_links_to_target":""},"categories":[1],"tags":[230,231],"class_list":["post-952","post","type-post","status-publish","format-standard","has-post-thumbnail","hentry","category-musik","tag-ruben-agnarsson","tag-stig-lindell"],"_links":{"self":[{"href":"http:\/\/blogg.varldenidag.se\/musik\/wp-json\/wp\/v2\/posts\/952","targetHints":{"allow":["GET"]}}],"collection":[{"href":"http:\/\/blogg.varldenidag.se\/musik\/wp-json\/wp\/v2\/posts"}],"about":[{"href":"http:\/\/blogg.varldenidag.se\/musik\/wp-json\/wp\/v2\/types\/post"}],"author":[{"embeddable":true,"href":"http:\/\/blogg.varldenidag.se\/musik\/wp-json\/wp\/v2\/users\/14"}],"replies":[{"embeddable":true,"href":"http:\/\/blogg.varldenidag.se\/musik\/wp-json\/wp\/v2\/comments?post=952"}],"version-history":[{"count":4,"href":"http:\/\/blogg.varldenidag.se\/musik\/wp-json\/wp\/v2\/posts\/952\/revisions"}],"predecessor-version":[{"id":957,"href":"http:\/\/blogg.varldenidag.se\/musik\/wp-json\/wp\/v2\/posts\/952\/revisions\/957"}],"wp:featuredmedia":[{"embeddable":true,"href":"http:\/\/blogg.varldenidag.se\/musik\/wp-json\/wp\/v2\/media\/953"}],"wp:attachment":[{"href":"http:\/\/blogg.varldenidag.se\/musik\/wp-json\/wp\/v2\/media?parent=952"}],"wp:term":[{"taxonomy":"category","embeddable":true,"href":"http:\/\/blogg.varldenidag.se\/musik\/wp-json\/wp\/v2\/categories?post=952"},{"taxonomy":"post_tag","embeddable":true,"href":"http:\/\/blogg.varldenidag.se\/musik\/wp-json\/wp\/v2\/tags?post=952"}],"curies":[{"name":"wp","href":"https:\/\/api.w.org\/{rel}","templated":true}]}}