{"id":92,"date":"2012-07-13T07:00:16","date_gmt":"2012-07-13T05:00:16","guid":{"rendered":"http:\/\/blogg.varldenidag.se\/musik\/?p=92"},"modified":"2012-07-11T22:55:05","modified_gmt":"2012-07-11T20:55:05","slug":"mindre-an-en-manad-kvar-till-frizon","status":"publish","type":"post","link":"http:\/\/blogg.varldenidag.se\/musik\/mindre-an-en-manad-kvar-till-frizon\/","title":{"rendered":"Mindre \u00e4n en m\u00e5nad kvar till Frizon"},"content":{"rendered":"<p><a href=\"http:\/\/blogg.varldenidag.se\/musik\/files\/2012\/07\/JonathanJohansson-pressphoto-2011.jpg\"><img loading=\"lazy\" decoding=\"async\" class=\"alignright  wp-image-96\" src=\"http:\/\/blogg.varldenidag.se\/musik\/files\/2012\/07\/JonathanJohansson-pressphoto-2011-300x185.jpg\" alt=\"Foto: Rikkard H\u00e4ggbom\" width=\"237\" height=\"146\" srcset=\"http:\/\/blogg.varldenidag.se\/musik\/files\/2012\/07\/JonathanJohansson-pressphoto-2011-300x185.jpg 300w, http:\/\/blogg.varldenidag.se\/musik\/files\/2012\/07\/JonathanJohansson-pressphoto-2011-1024x632.jpg 1024w\" sizes=\"auto, (max-width: 237px) 100vw, 237px\" \/><\/a>Det \u00e4r inget d\u00e5ligt startf\u00e4lt som v\u00e4ntas komma till Frizon i \u00e5r (och det \u00e4r ju som det ska). Festivalen bjuder p\u00e5 spelningar med: <strong>Syster Sol<\/strong>, <strong>The Chariot<\/strong> (US), <strong>MXPX All Stars<\/strong> (US), <strong>Jonathan Johansson<\/strong>, <strong>Denison Wimer<\/strong> (US), <strong>Hymns <\/strong><a href=\"http:\/\/blogg.varldenidag.se\/musik\/files\/2012\/07\/LoneyDear-3-3000.jpg\"><img loading=\"lazy\" decoding=\"async\" class=\"alignright  wp-image-98\" src=\"http:\/\/blogg.varldenidag.se\/musik\/files\/2012\/07\/LoneyDear-3-3000-300x200.jpg\" alt=\"\" width=\"237\" height=\"161\" \/><\/a><strong>From Nineveh<\/strong> (DK), <strong>Loney De<\/strong><strong>ar<\/strong>, <strong>RebekkaMaria &amp; The Hymnboy<\/strong> (DK), <strong>Immanu El<\/strong>, <strong>Frida Sundemo<\/strong>, <strong>Indevotion<\/strong>, <strong>Luke Leighfield<\/strong> (UK), <strong>Kloster<\/strong> (DK), <strong>Rue Royale<\/strong> (UK\/US), <strong>Timb<\/strong><strong>re<\/strong> (US), <strong>TV Experience<\/strong> (NO), <strong>Ensemble Lakoina<\/strong>, <strong>Crim<\/strong><strong>son Moonlight<\/strong>, <strong>Andreas Sandlund<\/strong>, <strong>Olivia Th\u00f6rn<\/strong>, <strong>Mechanical Bird<\/strong> (DK), <strong>Bernard Et Bianca<\/strong>, <strong>Soulit<\/strong>, <strong>Radiant &amp; The Maranatha Mission<\/strong> (US), <strong>Hansam<\/strong>, <strong>Golden Resurrection<\/strong>, <strong>David \u00c5hl\u00e9n<\/strong> och <strong>Therese Fredenwall<\/strong> f\u00f6r att n\u00e4mna n\u00e5gra (!). L\u00e5ter lovande.<\/p>\n<p>T\u00e4nkte skriva lite om n\u00e5gra av dessa artister h\u00e4r p\u00e5 bloggen fram\u00f6ver. S\u00e5 h\u00e5ll utkik.<\/p>\n","protected":false},"excerpt":{"rendered":"<p>Det \u00e4r inget d\u00e5ligt startf\u00e4lt som v\u00e4ntas komma till Frizon i \u00e5r (och det \u00e4r ju som det ska). Festivalen bjuder p\u00e5 spelningar med: Syster Sol, The [&hellip;]<\/p>\n","protected":false},"author":14,"featured_media":96,"comment_status":"open","ping_status":"open","sticky":false,"template":"","format":"standard","meta":{"footnotes":"","_links_to":"","_links_to_target":""},"categories":[1],"tags":[19],"class_list":["post-92","post","type-post","status-publish","format-standard","has-post-thumbnail","hentry","category-musik","tag-frizon"],"_links":{"self":[{"href":"http:\/\/blogg.varldenidag.se\/musik\/wp-json\/wp\/v2\/posts\/92","targetHints":{"allow":["GET"]}}],"collection":[{"href":"http:\/\/blogg.varldenidag.se\/musik\/wp-json\/wp\/v2\/posts"}],"about":[{"href":"http:\/\/blogg.varldenidag.se\/musik\/wp-json\/wp\/v2\/types\/post"}],"author":[{"embeddable":true,"href":"http:\/\/blogg.varldenidag.se\/musik\/wp-json\/wp\/v2\/users\/14"}],"replies":[{"embeddable":true,"href":"http:\/\/blogg.varldenidag.se\/musik\/wp-json\/wp\/v2\/comments?post=92"}],"version-history":[{"count":7,"href":"http:\/\/blogg.varldenidag.se\/musik\/wp-json\/wp\/v2\/posts\/92\/revisions"}],"predecessor-version":[{"id":102,"href":"http:\/\/blogg.varldenidag.se\/musik\/wp-json\/wp\/v2\/posts\/92\/revisions\/102"}],"wp:featuredmedia":[{"embeddable":true,"href":"http:\/\/blogg.varldenidag.se\/musik\/wp-json\/wp\/v2\/media\/96"}],"wp:attachment":[{"href":"http:\/\/blogg.varldenidag.se\/musik\/wp-json\/wp\/v2\/media?parent=92"}],"wp:term":[{"taxonomy":"category","embeddable":true,"href":"http:\/\/blogg.varldenidag.se\/musik\/wp-json\/wp\/v2\/categories?post=92"},{"taxonomy":"post_tag","embeddable":true,"href":"http:\/\/blogg.varldenidag.se\/musik\/wp-json\/wp\/v2\/tags?post=92"}],"curies":[{"name":"wp","href":"https:\/\/api.w.org\/{rel}","templated":true}]}}