{"id":8534,"date":"2026-04-30T09:27:27","date_gmt":"2026-04-30T07:27:27","guid":{"rendered":"https:\/\/blogg.varldenidag.se\/musik\/?p=8534"},"modified":"2026-04-30T09:27:30","modified_gmt":"2026-04-30T07:27:30","slug":"ringback-bjuder-pa-somrig-pop","status":"publish","type":"post","link":"http:\/\/blogg.varldenidag.se\/musik\/ringback-bjuder-pa-somrig-pop\/","title":{"rendered":"Ringb\u00e4ck bjuder p\u00e5 somrig pop"},"content":{"rendered":"\n<p>N\u00e4r&nbsp;<strong>Urban Ringb\u00e4ck&nbsp;<\/strong>sl\u00e4pper nytt \u00e4r det n\u00e4ra till b\u00e5de gl\u00e4dje och leenden, f\u00f6r det \u00e4r n\u00e5got charmigt med nya singeln \u201dSista ordet \u00e4r inte sagt\u201d som \u00e4r sv\u00e5rt att ta emot. Han paketerar budskapet om att Jesus alltid har sista ordet p\u00e5 ett medryckande s\u00e4tt och bjuder p\u00e5 en l\u00e5t, och inte minst refr\u00e4ng, som s\u00e4tter sig i skallen. En svensk sommarhit i vardande?<\/p>\n\n\n\n<p><strong>Spotify-l\u00e4nk:&nbsp;<\/strong><a href=\"https:\/\/open.spotify.com\/track\/6CCKFfqan75Jpxs1qvuyw1?si=74186401028e4eee\">https:\/\/open.spotify.com\/track\/6CCKFfqan75Jpxs1qvuyw1?si=74186401028e4eee<\/a><\/p>\n\n\n\n<figure class=\"wp-block-embed is-type-video is-provider-youtube wp-block-embed-youtube wp-embed-aspect-4-3 wp-has-aspect-ratio\"><div class=\"wp-block-embed__wrapper\">\n<div class=\"video-container\"><iframe loading=\"lazy\" title=\"Sista ordet \u00e4r inte sagt\" width=\"500\" height=\"375\" src=\"https:\/\/www.youtube.com\/embed\/X1CG-7Wn8r4?feature=oembed\" frameborder=\"0\" allow=\"accelerometer; autoplay; clipboard-write; encrypted-media; gyroscope; picture-in-picture; web-share\" referrerpolicy=\"strict-origin-when-cross-origin\" allowfullscreen><\/iframe><\/div>\n<\/div><\/figure>\n","protected":false},"excerpt":{"rendered":"<p>N\u00e4r&nbsp;Urban Ringb\u00e4ck&nbsp;sl\u00e4pper nytt \u00e4r det n\u00e4ra till b\u00e5de gl\u00e4dje och leenden, f\u00f6r det \u00e4r n\u00e5got charmigt med nya singeln \u201dSista ordet \u00e4r inte sagt\u201d som \u00e4r sv\u00e5rt [&hellip;]<\/p>\n","protected":false},"author":15,"featured_media":0,"comment_status":"closed","ping_status":"closed","sticky":false,"template":"","format":"standard","meta":{"footnotes":"","_links_to":"","_links_to_target":""},"categories":[1],"tags":[],"class_list":["post-8534","post","type-post","status-publish","format-standard","hentry","category-musik"],"_links":{"self":[{"href":"http:\/\/blogg.varldenidag.se\/musik\/wp-json\/wp\/v2\/posts\/8534","targetHints":{"allow":["GET"]}}],"collection":[{"href":"http:\/\/blogg.varldenidag.se\/musik\/wp-json\/wp\/v2\/posts"}],"about":[{"href":"http:\/\/blogg.varldenidag.se\/musik\/wp-json\/wp\/v2\/types\/post"}],"author":[{"embeddable":true,"href":"http:\/\/blogg.varldenidag.se\/musik\/wp-json\/wp\/v2\/users\/15"}],"replies":[{"embeddable":true,"href":"http:\/\/blogg.varldenidag.se\/musik\/wp-json\/wp\/v2\/comments?post=8534"}],"version-history":[{"count":0,"href":"http:\/\/blogg.varldenidag.se\/musik\/wp-json\/wp\/v2\/posts\/8534\/revisions"}],"wp:attachment":[{"href":"http:\/\/blogg.varldenidag.se\/musik\/wp-json\/wp\/v2\/media?parent=8534"}],"wp:term":[{"taxonomy":"category","embeddable":true,"href":"http:\/\/blogg.varldenidag.se\/musik\/wp-json\/wp\/v2\/categories?post=8534"},{"taxonomy":"post_tag","embeddable":true,"href":"http:\/\/blogg.varldenidag.se\/musik\/wp-json\/wp\/v2\/tags?post=8534"}],"curies":[{"name":"wp","href":"https:\/\/api.w.org\/{rel}","templated":true}]}}