{"id":8509,"date":"2026-03-21T00:26:00","date_gmt":"2026-03-20T23:26:00","guid":{"rendered":"https:\/\/blogg.varldenidag.se\/musik\/?p=8509"},"modified":"2026-03-18T09:27:17","modified_gmt":"2026-03-18T08:27:17","slug":"kioskvaltare-fran-en-doldis","status":"publish","type":"post","link":"http:\/\/blogg.varldenidag.se\/musik\/kioskvaltare-fran-en-doldis\/","title":{"rendered":"Kioskv\u00e4ltare fr\u00e5n en doldis"},"content":{"rendered":"\n<p>Har du inte h\u00f6rt talas om <strong>Rachel DeLong<\/strong> tidigare? Det \u00e4r inte s\u00e5 konstigt f\u00f6r trots l\u00e5tar som \u201dClarity\u201d och \u201dThat&#8217;s Who He Is\u201d s\u00e5 har hon \u00e4nnu inte n\u00e5tt ut till de breda massorna. Men kanske blir det snart \u00e4ndrig p\u00e5 det &#8211; f\u00f6r hennes nya singel \u00e4r inte n\u00e5got annat \u00e4n en riktig kioskv\u00e4ltare.<\/p>\n\n\n\n<p>Poprockiga l\u00e5ten \u201dHoly Ghosted\u201d f\u00e5ngar \u00f6ronen fr\u00e5n f\u00f6rsta stund, och briljerar med b\u00e5de en underfundig text, attityd och budskap \u2013 allt packat till en l\u00e5t som \u00e4r sv\u00e5r att sluta lyssna p\u00e5!<\/p>\n\n\n\n<p>Hennes debutalbum kommer i slutet av maj, men det finns ingen anledning att v\u00e4nta till dess. Lyssna och njut redan nu!<\/p>\n\n\n\n<p><strong>Spotify-l\u00e4nk:&nbsp;<\/strong><a href=\"_wp_link_placeholder\">https:\/\/open.spotify.com\/track\/4r7MOiNUIp7NMRfS436afo?si=218326c30b134853<\/a><\/p>\n\n\n\n<figure class=\"wp-block-embed is-type-video is-provider-youtube wp-block-embed-youtube wp-embed-aspect-4-3 wp-has-aspect-ratio\"><div class=\"wp-block-embed__wrapper\">\n<div class=\"video-container\"><iframe loading=\"lazy\" title=\"Holy Ghosted\" width=\"500\" height=\"375\" src=\"https:\/\/www.youtube.com\/embed\/EPhb2tVRJ_Y?feature=oembed\" frameborder=\"0\" allow=\"accelerometer; autoplay; clipboard-write; encrypted-media; gyroscope; picture-in-picture; web-share\" referrerpolicy=\"strict-origin-when-cross-origin\" allowfullscreen><\/iframe><\/div>\n<\/div><\/figure>\n","protected":false},"excerpt":{"rendered":"<p>Har du inte h\u00f6rt talas om Rachel DeLong tidigare? Det \u00e4r inte s\u00e5 konstigt f\u00f6r trots l\u00e5tar som \u201dClarity\u201d och \u201dThat&#8217;s Who He Is\u201d s\u00e5 har hon [&hellip;]<\/p>\n","protected":false},"author":15,"featured_media":0,"comment_status":"open","ping_status":"open","sticky":false,"template":"","format":"standard","meta":{"footnotes":"","_links_to":"","_links_to_target":""},"categories":[1],"tags":[],"class_list":["post-8509","post","type-post","status-publish","format-standard","hentry","category-musik"],"_links":{"self":[{"href":"http:\/\/blogg.varldenidag.se\/musik\/wp-json\/wp\/v2\/posts\/8509","targetHints":{"allow":["GET"]}}],"collection":[{"href":"http:\/\/blogg.varldenidag.se\/musik\/wp-json\/wp\/v2\/posts"}],"about":[{"href":"http:\/\/blogg.varldenidag.se\/musik\/wp-json\/wp\/v2\/types\/post"}],"author":[{"embeddable":true,"href":"http:\/\/blogg.varldenidag.se\/musik\/wp-json\/wp\/v2\/users\/15"}],"replies":[{"embeddable":true,"href":"http:\/\/blogg.varldenidag.se\/musik\/wp-json\/wp\/v2\/comments?post=8509"}],"version-history":[{"count":1,"href":"http:\/\/blogg.varldenidag.se\/musik\/wp-json\/wp\/v2\/posts\/8509\/revisions"}],"predecessor-version":[{"id":8510,"href":"http:\/\/blogg.varldenidag.se\/musik\/wp-json\/wp\/v2\/posts\/8509\/revisions\/8510"}],"wp:attachment":[{"href":"http:\/\/blogg.varldenidag.se\/musik\/wp-json\/wp\/v2\/media?parent=8509"}],"wp:term":[{"taxonomy":"category","embeddable":true,"href":"http:\/\/blogg.varldenidag.se\/musik\/wp-json\/wp\/v2\/categories?post=8509"},{"taxonomy":"post_tag","embeddable":true,"href":"http:\/\/blogg.varldenidag.se\/musik\/wp-json\/wp\/v2\/tags?post=8509"}],"curies":[{"name":"wp","href":"https:\/\/api.w.org\/{rel}","templated":true}]}}