{"id":8502,"date":"2026-03-10T00:59:00","date_gmt":"2026-03-09T23:59:00","guid":{"rendered":"https:\/\/blogg.varldenidag.se\/musik\/?p=8502"},"modified":"2026-03-04T13:59:26","modified_gmt":"2026-03-04T12:59:26","slug":"fin-massa-pa-svenska-fran-mollas-och-heden","status":"publish","type":"post","link":"http:\/\/blogg.varldenidag.se\/musik\/fin-massa-pa-svenska-fran-mollas-och-heden\/","title":{"rendered":"Fin m\u00e4ssa p\u00e5 svenska fr\u00e5n M\u00f6ll\u00e5s och Hed\u00e9n"},"content":{"rendered":"\n<p>\u201dSt\u00f6rre\u201d \u00e4r namnet p\u00e5 en nyskriven m\u00e4ssa p\u00e5 svenska, signerad&nbsp;<strong>Martina M\u00f6ll\u00e5s&nbsp;<\/strong>och&nbsp;<strong>Ola Hed\u00e9n.&nbsp;<\/strong>Tillsammans har de skapat ett material som dryper av t\u00e4nkv\u00e4rda texter, finsnickrade arrangemang och vackra melodier som verkligen tar tag i lyssnaren. Deras egna uttryck bidrar var f\u00f6r sig med nya intryck p\u00e5 albumet, som i sin helhet \u00e4r gediget och mycket lyssningsv\u00e4rt \u2013 ett album att \u00e5terv\u00e4nda till om och om igen!<\/p>\n\n\n\n<p><strong>Spotify-l\u00e4nk:&nbsp;<\/strong><a href=\"https:\/\/open.spotify.com\/track\/6hvkDUvuOgo4v1z1OOKLBc?si=36b4329c0ef64f83\">https:\/\/open.spotify.com\/track\/6hvkDUvuOgo4v1z1OOKLBc?si=36b4329c0ef64f83<\/a><\/p>\n\n\n\n<figure class=\"wp-block-embed is-type-video is-provider-youtube wp-block-embed-youtube wp-embed-aspect-4-3 wp-has-aspect-ratio\"><div class=\"wp-block-embed__wrapper\">\n<div class=\"video-container\"><iframe loading=\"lazy\" title=\"Vi sjunger \u00e4ra\" width=\"500\" height=\"375\" src=\"https:\/\/www.youtube.com\/embed\/TK5Qi7p4Thk?feature=oembed\" frameborder=\"0\" allow=\"accelerometer; autoplay; clipboard-write; encrypted-media; gyroscope; picture-in-picture; web-share\" referrerpolicy=\"strict-origin-when-cross-origin\" allowfullscreen><\/iframe><\/div>\n<\/div><\/figure>\n","protected":false},"excerpt":{"rendered":"<p>\u201dSt\u00f6rre\u201d \u00e4r namnet p\u00e5 en nyskriven m\u00e4ssa p\u00e5 svenska, signerad&nbsp;Martina M\u00f6ll\u00e5s&nbsp;och&nbsp;Ola Hed\u00e9n.&nbsp;Tillsammans har de skapat ett material som dryper av t\u00e4nkv\u00e4rda texter, finsnickrade arrangemang och vackra melodier [&hellip;]<\/p>\n","protected":false},"author":15,"featured_media":0,"comment_status":"open","ping_status":"open","sticky":false,"template":"","format":"standard","meta":{"footnotes":"","_links_to":"","_links_to_target":""},"categories":[1],"tags":[],"class_list":["post-8502","post","type-post","status-publish","format-standard","hentry","category-musik"],"_links":{"self":[{"href":"http:\/\/blogg.varldenidag.se\/musik\/wp-json\/wp\/v2\/posts\/8502","targetHints":{"allow":["GET"]}}],"collection":[{"href":"http:\/\/blogg.varldenidag.se\/musik\/wp-json\/wp\/v2\/posts"}],"about":[{"href":"http:\/\/blogg.varldenidag.se\/musik\/wp-json\/wp\/v2\/types\/post"}],"author":[{"embeddable":true,"href":"http:\/\/blogg.varldenidag.se\/musik\/wp-json\/wp\/v2\/users\/15"}],"replies":[{"embeddable":true,"href":"http:\/\/blogg.varldenidag.se\/musik\/wp-json\/wp\/v2\/comments?post=8502"}],"version-history":[{"count":1,"href":"http:\/\/blogg.varldenidag.se\/musik\/wp-json\/wp\/v2\/posts\/8502\/revisions"}],"predecessor-version":[{"id":8503,"href":"http:\/\/blogg.varldenidag.se\/musik\/wp-json\/wp\/v2\/posts\/8502\/revisions\/8503"}],"wp:attachment":[{"href":"http:\/\/blogg.varldenidag.se\/musik\/wp-json\/wp\/v2\/media?parent=8502"}],"wp:term":[{"taxonomy":"category","embeddable":true,"href":"http:\/\/blogg.varldenidag.se\/musik\/wp-json\/wp\/v2\/categories?post=8502"},{"taxonomy":"post_tag","embeddable":true,"href":"http:\/\/blogg.varldenidag.se\/musik\/wp-json\/wp\/v2\/tags?post=8502"}],"curies":[{"name":"wp","href":"https:\/\/api.w.org\/{rel}","templated":true}]}}