{"id":8500,"date":"2026-03-07T00:57:00","date_gmt":"2026-03-06T23:57:00","guid":{"rendered":"https:\/\/blogg.varldenidag.se\/musik\/?p=8500"},"modified":"2026-02-23T07:57:59","modified_gmt":"2026-02-23T06:57:59","slug":"profitt-slapper-nytt-album-om-jesus","status":"publish","type":"post","link":"http:\/\/blogg.varldenidag.se\/musik\/profitt-slapper-nytt-album-om-jesus\/","title":{"rendered":"Profitt sl\u00e4pper nytt album om Jesus"},"content":{"rendered":"\n<p>Superproducenten <strong>Tommee Profitt <\/strong>golvade en musikv\u00e4rld h\u00e4rom\u00e5ret med sitt tokgenomarbetade och nyskapande konceptalbum <em>The birth of a king <\/em>om Jesu f\u00f6delse, d\u00e4r han st\u00f6pte om julklassiker p\u00e5 helt nya s\u00e4tt. Nu ska <strong>Profitt <\/strong>sl\u00e4ppa ett nytt konceptalbum \u2013 men den h\u00e4r g\u00e5ngen med p\u00e5sken och Jesu d\u00f6d och uppst\u00e5ndelse som tema.<\/p>\n\n\n\n<p>Albumet, som sl\u00e4pps i slutet av mars, utlovar en l\u00e5ng rad k\u00e4nda artister som vokalister och dessutom en hel l\u00e5ng radda av v\u00e4lk\u00e4nda lovs\u00e5nger och p\u00e5sks\u00e5nger. Men mitt bland det finns denna nyskrivna l\u00e5t \u201dHe arose\u201d, som \u00e4r ett f\u00f6rsta smakprov, skriven av <strong>Tommee <\/strong>tillsammans med l\u00e5tens s\u00e5ngare <strong>Phil Wickham. <\/strong>Det \u00e4r en m\u00e4ktig lovs\u00e5ng i en majest\u00e4tisk, cinematisk f\u00f6rpackning och som f\u00e5ngar hj\u00e4rtat direkt \u2013 men sedan forts\u00e4tter v\u00e4xa.<\/p>\n\n\n\n<p>Det h\u00e4r b\u00e5dar mycket gott f\u00f6r albumet \u2013 se till att punktmarkera <strong>Tommee Profitt <\/strong>inf\u00f6r sl\u00e4ppet om n\u00e5gra veckor!<\/p>\n\n\n\n<p><strong>Spotify-l\u00e4nk: <\/strong><a href=\"https:\/\/open.spotify.com\/track\/48AK0EB5FNgZS10wLBGjJ9?si=f708b11f9e33484a\">https:\/\/open.spotify.com\/track\/48AK0EB5FNgZS10wLBGjJ9?si=f708b11f9e33484a<\/a><\/p>\n\n\n\n<figure class=\"wp-block-embed is-type-video is-provider-youtube wp-block-embed-youtube wp-embed-aspect-16-9 wp-has-aspect-ratio\"><div class=\"wp-block-embed__wrapper\">\n<div class=\"video-container\"><iframe loading=\"lazy\" title=\"He Arose  - Tommee Profitt x Phil Wickham | Official  Music Video\" width=\"500\" height=\"281\" src=\"https:\/\/www.youtube.com\/embed\/Yl1va8-frPg?feature=oembed\" frameborder=\"0\" allow=\"accelerometer; autoplay; clipboard-write; encrypted-media; gyroscope; picture-in-picture; web-share\" referrerpolicy=\"strict-origin-when-cross-origin\" allowfullscreen><\/iframe><\/div>\n<\/div><\/figure>\n","protected":false},"excerpt":{"rendered":"<p>Superproducenten Tommee Profitt golvade en musikv\u00e4rld h\u00e4rom\u00e5ret med sitt tokgenomarbetade och nyskapande konceptalbum The birth of a king om Jesu f\u00f6delse, d\u00e4r han st\u00f6pte om julklassiker p\u00e5 [&hellip;]<\/p>\n","protected":false},"author":15,"featured_media":0,"comment_status":"open","ping_status":"open","sticky":false,"template":"","format":"standard","meta":{"footnotes":"","_links_to":"","_links_to_target":""},"categories":[1],"tags":[],"class_list":["post-8500","post","type-post","status-publish","format-standard","hentry","category-musik"],"_links":{"self":[{"href":"http:\/\/blogg.varldenidag.se\/musik\/wp-json\/wp\/v2\/posts\/8500","targetHints":{"allow":["GET"]}}],"collection":[{"href":"http:\/\/blogg.varldenidag.se\/musik\/wp-json\/wp\/v2\/posts"}],"about":[{"href":"http:\/\/blogg.varldenidag.se\/musik\/wp-json\/wp\/v2\/types\/post"}],"author":[{"embeddable":true,"href":"http:\/\/blogg.varldenidag.se\/musik\/wp-json\/wp\/v2\/users\/15"}],"replies":[{"embeddable":true,"href":"http:\/\/blogg.varldenidag.se\/musik\/wp-json\/wp\/v2\/comments?post=8500"}],"version-history":[{"count":1,"href":"http:\/\/blogg.varldenidag.se\/musik\/wp-json\/wp\/v2\/posts\/8500\/revisions"}],"predecessor-version":[{"id":8501,"href":"http:\/\/blogg.varldenidag.se\/musik\/wp-json\/wp\/v2\/posts\/8500\/revisions\/8501"}],"wp:attachment":[{"href":"http:\/\/blogg.varldenidag.se\/musik\/wp-json\/wp\/v2\/media?parent=8500"}],"wp:term":[{"taxonomy":"category","embeddable":true,"href":"http:\/\/blogg.varldenidag.se\/musik\/wp-json\/wp\/v2\/categories?post=8500"},{"taxonomy":"post_tag","embeddable":true,"href":"http:\/\/blogg.varldenidag.se\/musik\/wp-json\/wp\/v2\/tags?post=8500"}],"curies":[{"name":"wp","href":"https:\/\/api.w.org\/{rel}","templated":true}]}}