{"id":8498,"date":"2026-03-04T00:52:00","date_gmt":"2026-03-03T23:52:00","guid":{"rendered":"https:\/\/blogg.varldenidag.se\/musik\/?p=8498"},"modified":"2026-02-23T07:52:39","modified_gmt":"2026-02-23T06:52:39","slug":"ny-favorit-fran-minnesotas-nya-stjarna","status":"publish","type":"post","link":"http:\/\/blogg.varldenidag.se\/musik\/ny-favorit-fran-minnesotas-nya-stjarna\/","title":{"rendered":"Ny favorit fr\u00e5n Minnesotas nya stj\u00e4rna"},"content":{"rendered":"\n<p>2025 var \u00e5ret d\u00e5 m\u00e5nga uppt\u00e4ckte Minnesotatjejen <strong>Allison Eide <\/strong>och hennes collegerock, och det var inte f\u00f6r inte tack vare superl\u00e5tar som \u201dIDK\u201d och \u201dThat&#8217;s my life\u201d. Nu har hon samlat dessa, tillsammans med n\u00e5gra andra l\u00e5tar, p\u00e5 en ny EP d\u00e4r \u00e4ven denna nyskrivna \u201dChemically messed up\u201d finns med.<\/p>\n\n\n\n<p><strong>Eide <\/strong>forts\u00e4tter h\u00e4r att skriva personligt och rakt ur livet, d\u00e4r hon inte duckar f\u00f6r brottningskamp med psykisk oh\u00e4lsa och os\u00e4kerhet \u2013 men d\u00e4r det \u00e4nd\u00e5 \u00e4r Jesus som alltid lyser starkast. En ny given favorit fr\u00e5n <strong>Allison <\/strong>\u00e4r h\u00e4r!<\/p>\n\n\n\n<p><strong>Spotify-l\u00e4nk: <\/strong><a href=\"https:\/\/open.spotify.com\/track\/1umu1IyfH4U7MHygdGvW5f?si=bfb8e35eaa924103\">https:\/\/open.spotify.com\/track\/1umu1IyfH4U7MHygdGvW5f?si=bfb8e35eaa924103<\/a><\/p>\n\n\n\n<figure class=\"wp-block-embed is-type-video is-provider-youtube wp-block-embed-youtube wp-embed-aspect-4-3 wp-has-aspect-ratio\"><div class=\"wp-block-embed__wrapper\">\n<div class=\"video-container\"><iframe loading=\"lazy\" title=\"chemically messed up\" width=\"500\" height=\"375\" src=\"https:\/\/www.youtube.com\/embed\/sBSfbIr4RXA?feature=oembed\" frameborder=\"0\" allow=\"accelerometer; autoplay; clipboard-write; encrypted-media; gyroscope; picture-in-picture; web-share\" referrerpolicy=\"strict-origin-when-cross-origin\" allowfullscreen><\/iframe><\/div>\n<\/div><\/figure>\n","protected":false},"excerpt":{"rendered":"<p>2025 var \u00e5ret d\u00e5 m\u00e5nga uppt\u00e4ckte Minnesotatjejen Allison Eide och hennes collegerock, och det var inte f\u00f6r inte tack vare superl\u00e5tar som \u201dIDK\u201d och \u201dThat&#8217;s my life\u201d. [&hellip;]<\/p>\n","protected":false},"author":15,"featured_media":0,"comment_status":"open","ping_status":"open","sticky":false,"template":"","format":"standard","meta":{"footnotes":"","_links_to":"","_links_to_target":""},"categories":[1],"tags":[],"class_list":["post-8498","post","type-post","status-publish","format-standard","hentry","category-musik"],"_links":{"self":[{"href":"http:\/\/blogg.varldenidag.se\/musik\/wp-json\/wp\/v2\/posts\/8498","targetHints":{"allow":["GET"]}}],"collection":[{"href":"http:\/\/blogg.varldenidag.se\/musik\/wp-json\/wp\/v2\/posts"}],"about":[{"href":"http:\/\/blogg.varldenidag.se\/musik\/wp-json\/wp\/v2\/types\/post"}],"author":[{"embeddable":true,"href":"http:\/\/blogg.varldenidag.se\/musik\/wp-json\/wp\/v2\/users\/15"}],"replies":[{"embeddable":true,"href":"http:\/\/blogg.varldenidag.se\/musik\/wp-json\/wp\/v2\/comments?post=8498"}],"version-history":[{"count":1,"href":"http:\/\/blogg.varldenidag.se\/musik\/wp-json\/wp\/v2\/posts\/8498\/revisions"}],"predecessor-version":[{"id":8499,"href":"http:\/\/blogg.varldenidag.se\/musik\/wp-json\/wp\/v2\/posts\/8498\/revisions\/8499"}],"wp:attachment":[{"href":"http:\/\/blogg.varldenidag.se\/musik\/wp-json\/wp\/v2\/media?parent=8498"}],"wp:term":[{"taxonomy":"category","embeddable":true,"href":"http:\/\/blogg.varldenidag.se\/musik\/wp-json\/wp\/v2\/categories?post=8498"},{"taxonomy":"post_tag","embeddable":true,"href":"http:\/\/blogg.varldenidag.se\/musik\/wp-json\/wp\/v2\/tags?post=8498"}],"curies":[{"name":"wp","href":"https:\/\/api.w.org\/{rel}","templated":true}]}}