{"id":8496,"date":"2026-02-26T00:48:00","date_gmt":"2026-02-25T23:48:00","guid":{"rendered":"https:\/\/blogg.varldenidag.se\/musik\/?p=8496"},"modified":"2026-02-23T07:48:40","modified_gmt":"2026-02-23T06:48:40","slug":"karleksfullt-med-red-clay-strays","status":"publish","type":"post","link":"http:\/\/blogg.varldenidag.se\/musik\/karleksfullt-med-red-clay-strays\/","title":{"rendered":"K\u00e4rleksfullt med Red Clay Strays"},"content":{"rendered":"\n<p>F\u00f6rra \u00e5ret streamades deras musik fler \u00e4n 500 miljoner g\u00e5nger p\u00e5 Spotify och deras f\u00f6rsta Sverigespelning s\u00e5ldes snabbt ut. Ja, det \u00e4r ingen tvekan om att country- och rockbandet <strong>The Red Clay Strays <\/strong>har haft n\u00e5gra bra \u00e5r bakom sig. Men det h\u00e4r g\u00e4nget sparar inte p\u00e5 krutet n\u00e4r de nu sl\u00e4pper en ny singel. \u201dIf I didn&#8217;t know you\u201d \u00e4r en k\u00e4rleksfull, skriven av bandets gitarrist <strong>Drew Nix <\/strong>och l\u00e5tskrivaren <strong>Natalie Hemby, <\/strong>och har snabbt blivit en ny favorit bland m\u00e5nga lyssnare.<\/p>\n\n\n\n<p>Dessutom har den en p\u00e5kostad video med ingen mindre \u00e4n komikerstj\u00e4rnan <strong>Matt Rife <\/strong>i en av rollerna. Snacka om bra start \u00e4ven p\u00e5 2026!<\/p>\n\n\n\n<p><strong>Spotify-l\u00e4nk: <\/strong><a href=\"https:\/\/open.spotify.com\/track\/6naFuQGWFBHThc3fppOjbT?si=fafbb5f61eae460c\">https:\/\/open.spotify.com\/track\/6naFuQGWFBHThc3fppOjbT?si=fafbb5f61eae460c<\/a><\/p>\n\n\n\n<figure class=\"wp-block-embed is-type-video is-provider-youtube wp-block-embed-youtube wp-embed-aspect-16-9 wp-has-aspect-ratio\"><div class=\"wp-block-embed__wrapper\">\n<div class=\"video-container\"><iframe loading=\"lazy\" title=\"The Red Clay Strays - If I Didn&#039;t Know You (Official Video)\" width=\"500\" height=\"281\" src=\"https:\/\/www.youtube.com\/embed\/XqU8W23E4-I?feature=oembed\" frameborder=\"0\" allow=\"accelerometer; autoplay; clipboard-write; encrypted-media; gyroscope; picture-in-picture; web-share\" referrerpolicy=\"strict-origin-when-cross-origin\" allowfullscreen><\/iframe><\/div>\n<\/div><\/figure>\n","protected":false},"excerpt":{"rendered":"<p>F\u00f6rra \u00e5ret streamades deras musik fler \u00e4n 500 miljoner g\u00e5nger p\u00e5 Spotify och deras f\u00f6rsta Sverigespelning s\u00e5ldes snabbt ut. Ja, det \u00e4r ingen tvekan om att country- [&hellip;]<\/p>\n","protected":false},"author":15,"featured_media":0,"comment_status":"open","ping_status":"open","sticky":false,"template":"","format":"standard","meta":{"footnotes":"","_links_to":"","_links_to_target":""},"categories":[1],"tags":[],"class_list":["post-8496","post","type-post","status-publish","format-standard","hentry","category-musik"],"_links":{"self":[{"href":"http:\/\/blogg.varldenidag.se\/musik\/wp-json\/wp\/v2\/posts\/8496","targetHints":{"allow":["GET"]}}],"collection":[{"href":"http:\/\/blogg.varldenidag.se\/musik\/wp-json\/wp\/v2\/posts"}],"about":[{"href":"http:\/\/blogg.varldenidag.se\/musik\/wp-json\/wp\/v2\/types\/post"}],"author":[{"embeddable":true,"href":"http:\/\/blogg.varldenidag.se\/musik\/wp-json\/wp\/v2\/users\/15"}],"replies":[{"embeddable":true,"href":"http:\/\/blogg.varldenidag.se\/musik\/wp-json\/wp\/v2\/comments?post=8496"}],"version-history":[{"count":1,"href":"http:\/\/blogg.varldenidag.se\/musik\/wp-json\/wp\/v2\/posts\/8496\/revisions"}],"predecessor-version":[{"id":8497,"href":"http:\/\/blogg.varldenidag.se\/musik\/wp-json\/wp\/v2\/posts\/8496\/revisions\/8497"}],"wp:attachment":[{"href":"http:\/\/blogg.varldenidag.se\/musik\/wp-json\/wp\/v2\/media?parent=8496"}],"wp:term":[{"taxonomy":"category","embeddable":true,"href":"http:\/\/blogg.varldenidag.se\/musik\/wp-json\/wp\/v2\/categories?post=8496"},{"taxonomy":"post_tag","embeddable":true,"href":"http:\/\/blogg.varldenidag.se\/musik\/wp-json\/wp\/v2\/tags?post=8496"}],"curies":[{"name":"wp","href":"https:\/\/api.w.org\/{rel}","templated":true}]}}