{"id":8493,"date":"2026-03-01T00:37:00","date_gmt":"2026-02-28T23:37:00","guid":{"rendered":"https:\/\/blogg.varldenidag.se\/musik\/?p=8493"},"modified":"2026-02-23T07:37:55","modified_gmt":"2026-02-23T06:37:55","slug":"skont-gung-med-broderna-adahl","status":"publish","type":"post","link":"http:\/\/blogg.varldenidag.se\/musik\/skont-gung-med-broderna-adahl\/","title":{"rendered":"Sk\u00f6nt gung med br\u00f6derna \u00c5dahl!"},"content":{"rendered":"\n<p>Br\u00f6derna&nbsp;<strong>Frank&nbsp;<\/strong>och&nbsp;<strong>Simon \u00c5dahl&nbsp;<\/strong>\u00e4r k\u00e4nd f\u00f6r de flesta inom kristen musik i Sverige sedan l\u00e4nge. Nu \u00e4r de tillbaka med en ny l\u00e5t, eller snarare nygammal. F\u00f6r l\u00e5ten \u201dVi ska ses igen\u201d \u00e4r en l\u00e5t som duon sjungit en hel del live, ofta som avslutning p\u00e5 konserterna, men som aldrig blivit inspelad. F\u00f6rr\u00e4n nu. Det \u00e4r en sk\u00f6nt gungande l\u00e5t med reggaek\u00e4nslor som f\u00e5r sommaren att k\u00e4nnas n\u00e4ra!<\/p>\n\n\n\n<p><strong>Spotify-l\u00e4nk: <\/strong><a href=\"https:\/\/open.spotify.com\/track\/2iXp47PBGrMm735QZPMQ6A?si=ad44344cf8d64439\">https:\/\/open.spotify.com\/track\/2iXp47PBGrMm735QZPMQ6A?si=ad44344cf8d64439<\/a><\/p>\n\n\n\n<figure class=\"wp-block-embed is-type-video is-provider-youtube wp-block-embed-youtube wp-embed-aspect-4-3 wp-has-aspect-ratio\"><div class=\"wp-block-embed__wrapper\">\n<div class=\"video-container\"><iframe loading=\"lazy\" title=\"Vi ska ses 2026\" width=\"500\" height=\"375\" src=\"https:\/\/www.youtube.com\/embed\/LVH4nUKLkRs?feature=oembed\" frameborder=\"0\" allow=\"accelerometer; autoplay; clipboard-write; encrypted-media; gyroscope; picture-in-picture; web-share\" referrerpolicy=\"strict-origin-when-cross-origin\" allowfullscreen><\/iframe><\/div>\n<\/div><\/figure>\n","protected":false},"excerpt":{"rendered":"<p>Br\u00f6derna&nbsp;Frank&nbsp;och&nbsp;Simon \u00c5dahl&nbsp;\u00e4r k\u00e4nd f\u00f6r de flesta inom kristen musik i Sverige sedan l\u00e4nge. Nu \u00e4r de tillbaka med en ny l\u00e5t, eller snarare nygammal. F\u00f6r l\u00e5ten \u201dVi [&hellip;]<\/p>\n","protected":false},"author":15,"featured_media":0,"comment_status":"open","ping_status":"open","sticky":false,"template":"","format":"standard","meta":{"footnotes":"","_links_to":"","_links_to_target":""},"categories":[1],"tags":[],"class_list":["post-8493","post","type-post","status-publish","format-standard","hentry","category-musik"],"_links":{"self":[{"href":"http:\/\/blogg.varldenidag.se\/musik\/wp-json\/wp\/v2\/posts\/8493","targetHints":{"allow":["GET"]}}],"collection":[{"href":"http:\/\/blogg.varldenidag.se\/musik\/wp-json\/wp\/v2\/posts"}],"about":[{"href":"http:\/\/blogg.varldenidag.se\/musik\/wp-json\/wp\/v2\/types\/post"}],"author":[{"embeddable":true,"href":"http:\/\/blogg.varldenidag.se\/musik\/wp-json\/wp\/v2\/users\/15"}],"replies":[{"embeddable":true,"href":"http:\/\/blogg.varldenidag.se\/musik\/wp-json\/wp\/v2\/comments?post=8493"}],"version-history":[{"count":1,"href":"http:\/\/blogg.varldenidag.se\/musik\/wp-json\/wp\/v2\/posts\/8493\/revisions"}],"predecessor-version":[{"id":8494,"href":"http:\/\/blogg.varldenidag.se\/musik\/wp-json\/wp\/v2\/posts\/8493\/revisions\/8494"}],"wp:attachment":[{"href":"http:\/\/blogg.varldenidag.se\/musik\/wp-json\/wp\/v2\/media?parent=8493"}],"wp:term":[{"taxonomy":"category","embeddable":true,"href":"http:\/\/blogg.varldenidag.se\/musik\/wp-json\/wp\/v2\/categories?post=8493"},{"taxonomy":"post_tag","embeddable":true,"href":"http:\/\/blogg.varldenidag.se\/musik\/wp-json\/wp\/v2\/tags?post=8493"}],"curies":[{"name":"wp","href":"https:\/\/api.w.org\/{rel}","templated":true}]}}