{"id":8442,"date":"2025-12-20T00:40:00","date_gmt":"2025-12-19T23:40:00","guid":{"rendered":"https:\/\/blogg.varldenidag.se\/musik\/?p=8442"},"modified":"2025-12-08T15:50:54","modified_gmt":"2025-12-08T14:50:54","slug":"topp-25-2025-plats-12","status":"publish","type":"post","link":"http:\/\/blogg.varldenidag.se\/musik\/topp-25-2025-plats-12\/","title":{"rendered":"Topp 25 2025: Plats 12"},"content":{"rendered":"\n<div class=\"wp-block-group is-nowrap is-layout-flex wp-container-core-group-is-layout-1 wp-block-group-is-layout-flex\">\n<p><em>F\u00f6lj med n\u00e4r vi r\u00e4knar ner 2025 \u00e5rs 25 b\u00e4sta l\u00e5t! En ny placering sl\u00e4pps varje dag \u00e4nda fram till ny\u00e5rsafton.<\/em><\/p>\n\n\n\n<p><a href=\"https:\/\/blogg.varldenidag.se\/musik\/wp-admin\/post-new.php?post_type=post\">L\u00e4gg till nytt inl\u00e4gg<\/a><\/p>\n<\/div>\n\n\n\n<p><strong>Plats 12: Leanna Crawford \u2013 \u201dBeginning of Your grace\u201d<\/strong><\/p>\n\n\n\n<p>Om vi skulle bed\u00f6ma endast text s\u00e5 skulle nykomlingen Leanna sannolikt st\u00e5 f\u00f6r en av \u00e5rets toppl\u00e5tar med denna. Titeln s\u00e4ger vad det handlar om, och resterande del av ber\u00e4ttelsen i l\u00e5ten \u00e4r precis lika vacker som det l\u00e5ter. Lugn pop men med stora budskap och en sk\u00f6n r\u00f6st. Bli inte f\u00f6rv\u00e5nad om vi finner Leanna p\u00e5 denna topplista \u00e4ven n\u00e4sta \u00e5r!<\/p>\n\n\n\n<figure class=\"wp-block-embed is-type-video is-provider-youtube wp-block-embed-youtube wp-embed-aspect-16-9 wp-has-aspect-ratio\"><div class=\"wp-block-embed__wrapper\">\n<div class=\"video-container\"><iframe loading=\"lazy\" title=\"Leanna Crawford - Beginning Of Your Grace (Lyric Video)\" width=\"500\" height=\"281\" src=\"https:\/\/www.youtube.com\/embed\/llaXJ5ouWG4?feature=oembed\" frameborder=\"0\" allow=\"accelerometer; autoplay; clipboard-write; encrypted-media; gyroscope; picture-in-picture; web-share\" referrerpolicy=\"strict-origin-when-cross-origin\" allowfullscreen><\/iframe><\/div>\n<\/div><\/figure>\n","protected":false},"excerpt":{"rendered":"<p>F\u00f6lj med n\u00e4r vi r\u00e4knar ner 2025 \u00e5rs 25 b\u00e4sta l\u00e5t! En ny placering sl\u00e4pps varje dag \u00e4nda fram till ny\u00e5rsafton. L\u00e4gg till nytt inl\u00e4gg Plats 12: [&hellip;]<\/p>\n","protected":false},"author":15,"featured_media":0,"comment_status":"open","ping_status":"open","sticky":false,"template":"","format":"standard","meta":{"footnotes":"","_links_to":"","_links_to_target":""},"categories":[1],"tags":[],"class_list":["post-8442","post","type-post","status-publish","format-standard","hentry","category-musik"],"_links":{"self":[{"href":"http:\/\/blogg.varldenidag.se\/musik\/wp-json\/wp\/v2\/posts\/8442","targetHints":{"allow":["GET"]}}],"collection":[{"href":"http:\/\/blogg.varldenidag.se\/musik\/wp-json\/wp\/v2\/posts"}],"about":[{"href":"http:\/\/blogg.varldenidag.se\/musik\/wp-json\/wp\/v2\/types\/post"}],"author":[{"embeddable":true,"href":"http:\/\/blogg.varldenidag.se\/musik\/wp-json\/wp\/v2\/users\/15"}],"replies":[{"embeddable":true,"href":"http:\/\/blogg.varldenidag.se\/musik\/wp-json\/wp\/v2\/comments?post=8442"}],"version-history":[{"count":2,"href":"http:\/\/blogg.varldenidag.se\/musik\/wp-json\/wp\/v2\/posts\/8442\/revisions"}],"predecessor-version":[{"id":8444,"href":"http:\/\/blogg.varldenidag.se\/musik\/wp-json\/wp\/v2\/posts\/8442\/revisions\/8444"}],"wp:attachment":[{"href":"http:\/\/blogg.varldenidag.se\/musik\/wp-json\/wp\/v2\/media?parent=8442"}],"wp:term":[{"taxonomy":"category","embeddable":true,"href":"http:\/\/blogg.varldenidag.se\/musik\/wp-json\/wp\/v2\/categories?post=8442"},{"taxonomy":"post_tag","embeddable":true,"href":"http:\/\/blogg.varldenidag.se\/musik\/wp-json\/wp\/v2\/tags?post=8442"}],"curies":[{"name":"wp","href":"https:\/\/api.w.org\/{rel}","templated":true}]}}