{"id":8434,"date":"2025-12-16T00:29:00","date_gmt":"2025-12-15T23:29:00","guid":{"rendered":"https:\/\/blogg.varldenidag.se\/musik\/?p=8434"},"modified":"2025-12-01T21:29:36","modified_gmt":"2025-12-01T20:29:36","slug":"topp-25-2025-plats-16","status":"publish","type":"post","link":"http:\/\/blogg.varldenidag.se\/musik\/topp-25-2025-plats-16\/","title":{"rendered":"Topp 25 2025: Plats 16"},"content":{"rendered":"\n<p><em>F\u00f6lj med n\u00e4r vi r\u00e4knar ner 2025 \u00e5rs 25 b\u00e4sta l\u00e5t! En ny placering sl\u00e4pps varje dag \u00e4nda fram till ny\u00e5rsafton.<\/em><\/p>\n\n\n\n<p><strong>Plats 16: We The Kingdom \u2013&nbsp;\u201dDon&#8217;t let the darkness\u201d<\/strong><\/p>\n\n\n\n<p>Precis n\u00e4r h\u00f6stm\u00f6rkret slog sina r\u00f6tter om oss och drog in oss i den dystrare \u00e5rstiden, s\u00e5 p\u00e5minde denna supergrupp oss om att ljuset faktiskt alltid \u00f6vervinner m\u00f6rkret! Det \u00e4r sv\u00e5rt att l\u00e5ta sig dras med i dysterhet n\u00e4r man h\u00f6r denna l\u00e5t, som med b\u00e5de raspig s\u00e5ng och sk\u00f6na gitarrer sprider b\u00e5de gl\u00e4dje och \u2013 inte minst \u2013 ljus.<\/p>\n\n\n\n<figure class=\"wp-block-embed is-type-video is-provider-youtube wp-block-embed-youtube wp-embed-aspect-16-9 wp-has-aspect-ratio\"><div class=\"wp-block-embed__wrapper\">\n<div class=\"video-container\"><iframe loading=\"lazy\" title=\"We The Kingdom - Don\u2019t Let The Darkness (Official Music Video)\" width=\"500\" height=\"281\" src=\"https:\/\/www.youtube.com\/embed\/D9quJsYLuTQ?feature=oembed\" frameborder=\"0\" allow=\"accelerometer; autoplay; clipboard-write; encrypted-media; gyroscope; picture-in-picture; web-share\" referrerpolicy=\"strict-origin-when-cross-origin\" allowfullscreen><\/iframe><\/div>\n<\/div><\/figure>\n","protected":false},"excerpt":{"rendered":"<p>F\u00f6lj med n\u00e4r vi r\u00e4knar ner 2025 \u00e5rs 25 b\u00e4sta l\u00e5t! En ny placering sl\u00e4pps varje dag \u00e4nda fram till ny\u00e5rsafton. Plats 16: We The Kingdom \u2013&nbsp;\u201dDon&#8217;t [&hellip;]<\/p>\n","protected":false},"author":15,"featured_media":0,"comment_status":"open","ping_status":"open","sticky":false,"template":"","format":"standard","meta":{"footnotes":"","_links_to":"","_links_to_target":""},"categories":[1],"tags":[],"class_list":["post-8434","post","type-post","status-publish","format-standard","hentry","category-musik"],"_links":{"self":[{"href":"http:\/\/blogg.varldenidag.se\/musik\/wp-json\/wp\/v2\/posts\/8434","targetHints":{"allow":["GET"]}}],"collection":[{"href":"http:\/\/blogg.varldenidag.se\/musik\/wp-json\/wp\/v2\/posts"}],"about":[{"href":"http:\/\/blogg.varldenidag.se\/musik\/wp-json\/wp\/v2\/types\/post"}],"author":[{"embeddable":true,"href":"http:\/\/blogg.varldenidag.se\/musik\/wp-json\/wp\/v2\/users\/15"}],"replies":[{"embeddable":true,"href":"http:\/\/blogg.varldenidag.se\/musik\/wp-json\/wp\/v2\/comments?post=8434"}],"version-history":[{"count":1,"href":"http:\/\/blogg.varldenidag.se\/musik\/wp-json\/wp\/v2\/posts\/8434\/revisions"}],"predecessor-version":[{"id":8435,"href":"http:\/\/blogg.varldenidag.se\/musik\/wp-json\/wp\/v2\/posts\/8434\/revisions\/8435"}],"wp:attachment":[{"href":"http:\/\/blogg.varldenidag.se\/musik\/wp-json\/wp\/v2\/media?parent=8434"}],"wp:term":[{"taxonomy":"category","embeddable":true,"href":"http:\/\/blogg.varldenidag.se\/musik\/wp-json\/wp\/v2\/categories?post=8434"},{"taxonomy":"post_tag","embeddable":true,"href":"http:\/\/blogg.varldenidag.se\/musik\/wp-json\/wp\/v2\/tags?post=8434"}],"curies":[{"name":"wp","href":"https:\/\/api.w.org\/{rel}","templated":true}]}}